
{"id":13948,"date":"2016-11-20T16:27:13","date_gmt":"2016-11-20T16:27:13","guid":{"rendered":"https:\/\/www.lejournalduforkane.com\/?p=13948"},"modified":"2016-11-20T16:27:13","modified_gmt":"2016-11-20T16:27:13","slug":"video-le-salon-aeronautique-iran-air-show-2016-qui-se-deroule-en-iran-est-le-premier-depuis-la-levee-des-sanctions-imposees-a-teheran-pour-son-programme-nucleaire","status":"publish","type":"post","link":"https:\/\/www.lejournalduforkane.com\/index.php\/video-le-salon-aeronautique-iran-air-show-2016-qui-se-deroule-en-iran-est-le-premier-depuis-la-levee-des-sanctions-imposees-a-teheran-pour-son-programme-nucleaire\/","title":{"rendered":"[Vid\u00e9o] | Le salon a\u00e9ronautique Iran Air Show 2016, qui se d\u00e9roule en Iran, est le premier depuis la lev\u00e9e des sanctions impos\u00e9es \u00e0 T\u00e9h\u00e9ran pour son programme nucl\u00e9aire."},"content":{"rendered":"<p><!--more--><br \/>\n<iframe loading=\"lazy\" src=\"https:\/\/www.youtube.com\/embed\/GIkRbc9w_04\" width=\"560\" height=\"315\" frameborder=\"0\" allowfullscreen=\"allowfullscreen\"><\/iframe><\/p>\n","protected":false},"excerpt":{"rendered":"","protected":false},"author":2,"featured_media":0,"comment_status":"closed","ping_status":"open","sticky":false,"template":"","format":"standard","meta":[],"categories":[],"tags":[],"_links":{"self":[{"href":"https:\/\/www.lejournalduforkane.com\/index.php\/wp-json\/wp\/v2\/posts\/13948"}],"collection":[{"href":"https:\/\/www.lejournalduforkane.com\/index.php\/wp-json\/wp\/v2\/posts"}],"about":[{"href":"https:\/\/www.lejournalduforkane.com\/index.php\/wp-json\/wp\/v2\/types\/post"}],"author":[{"embeddable":true,"href":"https:\/\/www.lejournalduforkane.com\/index.php\/wp-json\/wp\/v2\/users\/2"}],"replies":[{"embeddable":true,"href":"https:\/\/www.lejournalduforkane.com\/index.php\/wp-json\/wp\/v2\/comments?post=13948"}],"version-history":[{"count":1,"href":"https:\/\/www.lejournalduforkane.com\/index.php\/wp-json\/wp\/v2\/posts\/13948\/revisions"}],"predecessor-version":[{"id":13950,"href":"https:\/\/www.lejournalduforkane.com\/index.php\/wp-json\/wp\/v2\/posts\/13948\/revisions\/13950"}],"wp:attachment":[{"href":"https:\/\/www.lejournalduforkane.com\/index.php\/wp-json\/wp\/v2\/media?parent=13948"}],"wp:term":[{"taxonomy":"category","embeddable":true,"href":"https:\/\/www.lejournalduforkane.com\/index.php\/wp-json\/wp\/v2\/categories?post=13948"},{"taxonomy":"post_tag","embeddable":true,"href":"https:\/\/www.lejournalduforkane.com\/index.php\/wp-json\/wp\/v2\/tags?post=13948"}],"curies":[{"name":"wp","href":"https:\/\/api.w.org\/{rel}","templated":true}]}}