
{"id":14019,"date":"2016-11-27T19:35:20","date_gmt":"2016-11-27T19:35:20","guid":{"rendered":"https:\/\/www.lejournalduforkane.com\/?p=14019"},"modified":"2016-11-27T19:35:20","modified_gmt":"2016-11-27T19:35:20","slug":"video-larmee-arabe-syrienne-liberent-plus-de-20-villages-a-alep","status":"publish","type":"post","link":"https:\/\/www.lejournalduforkane.com\/index.php\/video-larmee-arabe-syrienne-liberent-plus-de-20-villages-a-alep\/","title":{"rendered":"[Vid\u00e9o] | L&rsquo;Arm\u00e9e Arabe Syrienne lib\u00e8rent plus de 20 villages \u00e0 Alep"},"content":{"rendered":"<p style=\"text-align: justify;\"><!--more--><\/p>\n<div data-contents=\"true\">\n<div class=\"\" style=\"text-align: justify;\" data-block=\"true\" data-editor=\"6fbak\" data-offset-key=\"2b5gm-0-0\">\n<div class=\"_1mf _1mj\" data-offset-key=\"2b5gm-0-0\"><span data-offset-key=\"2b5gm-0-0\"><span data-text=\"true\">Les Syriens ne bombardent pas les zones civiles contrairement \u00e0 ce que ressasse la presse internationale. Une fois les criminels chass\u00e9s par l\u2019arm\u00e9e, la population concern\u00e9e revient dans ses lieux, preuve que le peuple ne craint pas l\u2019arm\u00e9e.<\/span><\/span><\/div>\n<\/div>\n<div class=\"\" style=\"text-align: justify;\" data-block=\"true\" data-editor=\"6fbak\" data-offset-key=\"92hm8-0-0\">\n<div class=\"_1mf _1mj\" data-offset-key=\"92hm8-0-0\"><span data-offset-key=\"92hm8-0-0\">\u00a0<\/span><\/div>\n<\/div>\n<div class=\"\" data-block=\"true\" data-editor=\"6fbak\" data-offset-key=\"cu0qf-0-0\">\n<div class=\"_1mf _1mj\" style=\"text-align: justify;\" data-offset-key=\"cu0qf-0-0\"><span data-offset-key=\"cu0qf-0-0\"><span data-text=\"true\">Lire notre dossier sp\u00e9cial &#8212; L\u2019ennemi terroriste recule en Syrie : <a href=\"https:\/\/www.lejournalduforkane.com\/index.php\/category\/lennemi-terroriste-recule-en-syrie\/\">www.lejournalduforkane.com\/index.php\/category\/lennemi-terroriste-recule-en-syrie\/<\/a><\/span><\/span><\/div>\n<\/div>\n<\/div>\n<p><iframe loading=\"lazy\" src=\"https:\/\/www.youtube.com\/embed\/tYwLDo0AQ2c\" width=\"560\" height=\"315\" frameborder=\"0\" allowfullscreen=\"allowfullscreen\"><\/iframe><\/p>\n","protected":false},"excerpt":{"rendered":"Les Syriens ne bombardent pas les zones civiles contrairement \u00e0 ce que ressasse la presse internationale. Une fois les criminels chass\u00e9s par l\u2019arm\u00e9e, la population concern\u00e9e revient dans ses lieux,","protected":false},"author":2,"featured_media":0,"comment_status":"closed","ping_status":"open","sticky":false,"template":"","format":"standard","meta":[],"categories":[],"tags":[],"_links":{"self":[{"href":"https:\/\/www.lejournalduforkane.com\/index.php\/wp-json\/wp\/v2\/posts\/14019"}],"collection":[{"href":"https:\/\/www.lejournalduforkane.com\/index.php\/wp-json\/wp\/v2\/posts"}],"about":[{"href":"https:\/\/www.lejournalduforkane.com\/index.php\/wp-json\/wp\/v2\/types\/post"}],"author":[{"embeddable":true,"href":"https:\/\/www.lejournalduforkane.com\/index.php\/wp-json\/wp\/v2\/users\/2"}],"replies":[{"embeddable":true,"href":"https:\/\/www.lejournalduforkane.com\/index.php\/wp-json\/wp\/v2\/comments?post=14019"}],"version-history":[{"count":1,"href":"https:\/\/www.lejournalduforkane.com\/index.php\/wp-json\/wp\/v2\/posts\/14019\/revisions"}],"predecessor-version":[{"id":14021,"href":"https:\/\/www.lejournalduforkane.com\/index.php\/wp-json\/wp\/v2\/posts\/14019\/revisions\/14021"}],"wp:attachment":[{"href":"https:\/\/www.lejournalduforkane.com\/index.php\/wp-json\/wp\/v2\/media?parent=14019"}],"wp:term":[{"taxonomy":"category","embeddable":true,"href":"https:\/\/www.lejournalduforkane.com\/index.php\/wp-json\/wp\/v2\/categories?post=14019"},{"taxonomy":"post_tag","embeddable":true,"href":"https:\/\/www.lejournalduforkane.com\/index.php\/wp-json\/wp\/v2\/tags?post=14019"}],"curies":[{"name":"wp","href":"https:\/\/api.w.org\/{rel}","templated":true}]}}