
{"id":14026,"date":"2016-11-27T19:40:53","date_gmt":"2016-11-27T19:40:53","guid":{"rendered":"https:\/\/www.lejournalduforkane.com\/?p=14026"},"modified":"2016-11-27T19:40:53","modified_gmt":"2016-11-27T19:40:53","slug":"video-des-centaines-de-civils-syriens-exfiltres-par-larmee-arabe-syrienne-des-quartiers-est-dalep-ou-ils-etaient-retenus-en-otage-par-les-terroristes-salafistes-afin-de-servir-comme-bouclier","status":"publish","type":"post","link":"https:\/\/www.lejournalduforkane.com\/index.php\/video-des-centaines-de-civils-syriens-exfiltres-par-larmee-arabe-syrienne-des-quartiers-est-dalep-ou-ils-etaient-retenus-en-otage-par-les-terroristes-salafistes-afin-de-servir-comme-bouclier\/","title":{"rendered":"[Vid\u00e9o] | Des centaines de civils syriens exfiltr\u00e9s par l&rsquo;Arm\u00e9e Arabe Syrienne des quartiers est d&rsquo;Alep o\u00f9 ils \u00e9taient retenus en otage par les terroristes salafistes, afin de servir comme bouclier humains."},"content":{"rendered":"<p><!--more--><br \/>\n<iframe loading=\"lazy\" src=\"https:\/\/www.youtube.com\/embed\/TPKYiDkkwr0\" width=\"560\" height=\"315\" frameborder=\"0\" allowfullscreen=\"allowfullscreen\"><\/iframe><\/p>\n","protected":false},"excerpt":{"rendered":"","protected":false},"author":2,"featured_media":0,"comment_status":"closed","ping_status":"open","sticky":false,"template":"","format":"standard","meta":[],"categories":[],"tags":[],"_links":{"self":[{"href":"https:\/\/www.lejournalduforkane.com\/index.php\/wp-json\/wp\/v2\/posts\/14026"}],"collection":[{"href":"https:\/\/www.lejournalduforkane.com\/index.php\/wp-json\/wp\/v2\/posts"}],"about":[{"href":"https:\/\/www.lejournalduforkane.com\/index.php\/wp-json\/wp\/v2\/types\/post"}],"author":[{"embeddable":true,"href":"https:\/\/www.lejournalduforkane.com\/index.php\/wp-json\/wp\/v2\/users\/2"}],"replies":[{"embeddable":true,"href":"https:\/\/www.lejournalduforkane.com\/index.php\/wp-json\/wp\/v2\/comments?post=14026"}],"version-history":[{"count":1,"href":"https:\/\/www.lejournalduforkane.com\/index.php\/wp-json\/wp\/v2\/posts\/14026\/revisions"}],"predecessor-version":[{"id":14028,"href":"https:\/\/www.lejournalduforkane.com\/index.php\/wp-json\/wp\/v2\/posts\/14026\/revisions\/14028"}],"wp:attachment":[{"href":"https:\/\/www.lejournalduforkane.com\/index.php\/wp-json\/wp\/v2\/media?parent=14026"}],"wp:term":[{"taxonomy":"category","embeddable":true,"href":"https:\/\/www.lejournalduforkane.com\/index.php\/wp-json\/wp\/v2\/categories?post=14026"},{"taxonomy":"post_tag","embeddable":true,"href":"https:\/\/www.lejournalduforkane.com\/index.php\/wp-json\/wp\/v2\/tags?post=14026"}],"curies":[{"name":"wp","href":"https:\/\/api.w.org\/{rel}","templated":true}]}}