
{"id":14030,"date":"2016-11-28T21:27:46","date_gmt":"2016-11-28T21:27:46","guid":{"rendered":"https:\/\/www.lejournalduforkane.com\/?p=14030"},"modified":"2016-11-28T21:27:46","modified_gmt":"2016-11-28T21:27:46","slug":"video-les-colonies-israeliennes-secroulent-comme-un-chateau-de-carte-au-6eme-jour-de-ravages-par-le-feu","status":"publish","type":"post","link":"https:\/\/www.lejournalduforkane.com\/index.php\/video-les-colonies-israeliennes-secroulent-comme-un-chateau-de-carte-au-6eme-jour-de-ravages-par-le-feu\/","title":{"rendered":"[Vid\u00e9o] | Les colonies isra\u00e9liennes s\u2019\u00e9croulent comme un ch\u00e2teau de carte au 6\u00e8me jour de ravages par le feu"},"content":{"rendered":"<p><!--more--><\/p>\n<p><iframe loading=\"lazy\" src=\"https:\/\/www.youtube.com\/embed\/9Ghk27r2ox0\" width=\"560\" height=\"315\" frameborder=\"0\" allowfullscreen=\"allowfullscreen\"><\/iframe><\/p>\n","protected":false},"excerpt":{"rendered":"","protected":false},"author":2,"featured_media":0,"comment_status":"closed","ping_status":"open","sticky":false,"template":"","format":"standard","meta":[],"categories":[],"tags":[],"_links":{"self":[{"href":"https:\/\/www.lejournalduforkane.com\/index.php\/wp-json\/wp\/v2\/posts\/14030"}],"collection":[{"href":"https:\/\/www.lejournalduforkane.com\/index.php\/wp-json\/wp\/v2\/posts"}],"about":[{"href":"https:\/\/www.lejournalduforkane.com\/index.php\/wp-json\/wp\/v2\/types\/post"}],"author":[{"embeddable":true,"href":"https:\/\/www.lejournalduforkane.com\/index.php\/wp-json\/wp\/v2\/users\/2"}],"replies":[{"embeddable":true,"href":"https:\/\/www.lejournalduforkane.com\/index.php\/wp-json\/wp\/v2\/comments?post=14030"}],"version-history":[{"count":1,"href":"https:\/\/www.lejournalduforkane.com\/index.php\/wp-json\/wp\/v2\/posts\/14030\/revisions"}],"predecessor-version":[{"id":14041,"href":"https:\/\/www.lejournalduforkane.com\/index.php\/wp-json\/wp\/v2\/posts\/14030\/revisions\/14041"}],"wp:attachment":[{"href":"https:\/\/www.lejournalduforkane.com\/index.php\/wp-json\/wp\/v2\/media?parent=14030"}],"wp:term":[{"taxonomy":"category","embeddable":true,"href":"https:\/\/www.lejournalduforkane.com\/index.php\/wp-json\/wp\/v2\/categories?post=14030"},{"taxonomy":"post_tag","embeddable":true,"href":"https:\/\/www.lejournalduforkane.com\/index.php\/wp-json\/wp\/v2\/tags?post=14030"}],"curies":[{"name":"wp","href":"https:\/\/api.w.org\/{rel}","templated":true}]}}