
{"id":14037,"date":"2016-11-28T20:42:06","date_gmt":"2016-11-28T20:42:06","guid":{"rendered":"https:\/\/www.lejournalduforkane.com\/?p=14037"},"modified":"2016-11-28T20:42:06","modified_gmt":"2016-11-28T20:42:06","slug":"regardez-comment-les-terroristes-salafistes-ouvrent-le-feu-sur-les-civils-dans-le-quartier-al-sakhur-dans-lest-dalep-apres-avoir-ete-utilises-comme-boucliers-humains","status":"publish","type":"post","link":"https:\/\/www.lejournalduforkane.com\/index.php\/regardez-comment-les-terroristes-salafistes-ouvrent-le-feu-sur-les-civils-dans-le-quartier-al-sakhur-dans-lest-dalep-apres-avoir-ete-utilises-comme-boucliers-humains\/","title":{"rendered":"Regardez comment les terroristes salafistes ouvrent le feu sur les civils dans le quartier Al Sakhur dans l&rsquo;est d&rsquo;Alep, apr\u00e8s avoir \u00e9t\u00e9 utilis\u00e9s comme boucliers humains !!!"},"content":{"rendered":"<p><!--more--><\/p>\n<p><span class=\"_5yl5\">\u00a0<\/span><br \/>\n<iframe loading=\"lazy\" src=\"https:\/\/www.youtube.com\/embed\/5kYj8IxsQ0E\" width=\"560\" height=\"315\" frameborder=\"0\" allowfullscreen=\"allowfullscreen\"><\/iframe><\/p>\n","protected":false},"excerpt":{"rendered":"\u00a0","protected":false},"author":2,"featured_media":0,"comment_status":"closed","ping_status":"open","sticky":false,"template":"","format":"standard","meta":[],"categories":[],"tags":[],"_links":{"self":[{"href":"https:\/\/www.lejournalduforkane.com\/index.php\/wp-json\/wp\/v2\/posts\/14037"}],"collection":[{"href":"https:\/\/www.lejournalduforkane.com\/index.php\/wp-json\/wp\/v2\/posts"}],"about":[{"href":"https:\/\/www.lejournalduforkane.com\/index.php\/wp-json\/wp\/v2\/types\/post"}],"author":[{"embeddable":true,"href":"https:\/\/www.lejournalduforkane.com\/index.php\/wp-json\/wp\/v2\/users\/2"}],"replies":[{"embeddable":true,"href":"https:\/\/www.lejournalduforkane.com\/index.php\/wp-json\/wp\/v2\/comments?post=14037"}],"version-history":[{"count":1,"href":"https:\/\/www.lejournalduforkane.com\/index.php\/wp-json\/wp\/v2\/posts\/14037\/revisions"}],"predecessor-version":[{"id":14039,"href":"https:\/\/www.lejournalduforkane.com\/index.php\/wp-json\/wp\/v2\/posts\/14037\/revisions\/14039"}],"wp:attachment":[{"href":"https:\/\/www.lejournalduforkane.com\/index.php\/wp-json\/wp\/v2\/media?parent=14037"}],"wp:term":[{"taxonomy":"category","embeddable":true,"href":"https:\/\/www.lejournalduforkane.com\/index.php\/wp-json\/wp\/v2\/categories?post=14037"},{"taxonomy":"post_tag","embeddable":true,"href":"https:\/\/www.lejournalduforkane.com\/index.php\/wp-json\/wp\/v2\/tags?post=14037"}],"curies":[{"name":"wp","href":"https:\/\/api.w.org\/{rel}","templated":true}]}}