
{"id":14042,"date":"2016-11-29T19:36:19","date_gmt":"2016-11-29T19:36:19","guid":{"rendered":"https:\/\/www.lejournalduforkane.com\/?p=14042"},"modified":"2016-11-29T19:36:19","modified_gmt":"2016-11-29T19:36:19","slug":"video-abou-azrael-le-grand-resistant-irakien-repond-a-daesh-en-taggant-un-mur-letat-de-limam-ali-as-perdurera-et-se-propagera","status":"publish","type":"post","link":"https:\/\/www.lejournalduforkane.com\/index.php\/video-abou-azrael-le-grand-resistant-irakien-repond-a-daesh-en-taggant-un-mur-letat-de-limam-ali-as-perdurera-et-se-propagera\/","title":{"rendered":"[Vid\u00e9o] | Abou Azrael, le grand R\u00e9sistant irakien r\u00e9pond \u00e0 Daesh en taggant un mur : \u00a0\u00bb L&rsquo;\u00c9tat de l&rsquo;Imam &lsquo;Ali (AS) perdurera et se propagera\u00a0\u00bb"},"content":{"rendered":"<p><!--more--><br \/>\n<iframe loading=\"lazy\" src=\"https:\/\/www.youtube.com\/embed\/qbVHpEAlw9A\" width=\"560\" height=\"315\" frameborder=\"0\" allowfullscreen=\"allowfullscreen\"><\/iframe><\/p>\n","protected":false},"excerpt":{"rendered":"","protected":false},"author":2,"featured_media":0,"comment_status":"closed","ping_status":"open","sticky":false,"template":"","format":"standard","meta":[],"categories":[],"tags":[],"_links":{"self":[{"href":"https:\/\/www.lejournalduforkane.com\/index.php\/wp-json\/wp\/v2\/posts\/14042"}],"collection":[{"href":"https:\/\/www.lejournalduforkane.com\/index.php\/wp-json\/wp\/v2\/posts"}],"about":[{"href":"https:\/\/www.lejournalduforkane.com\/index.php\/wp-json\/wp\/v2\/types\/post"}],"author":[{"embeddable":true,"href":"https:\/\/www.lejournalduforkane.com\/index.php\/wp-json\/wp\/v2\/users\/2"}],"replies":[{"embeddable":true,"href":"https:\/\/www.lejournalduforkane.com\/index.php\/wp-json\/wp\/v2\/comments?post=14042"}],"version-history":[{"count":1,"href":"https:\/\/www.lejournalduforkane.com\/index.php\/wp-json\/wp\/v2\/posts\/14042\/revisions"}],"predecessor-version":[{"id":14044,"href":"https:\/\/www.lejournalduforkane.com\/index.php\/wp-json\/wp\/v2\/posts\/14042\/revisions\/14044"}],"wp:attachment":[{"href":"https:\/\/www.lejournalduforkane.com\/index.php\/wp-json\/wp\/v2\/media?parent=14042"}],"wp:term":[{"taxonomy":"category","embeddable":true,"href":"https:\/\/www.lejournalduforkane.com\/index.php\/wp-json\/wp\/v2\/categories?post=14042"},{"taxonomy":"post_tag","embeddable":true,"href":"https:\/\/www.lejournalduforkane.com\/index.php\/wp-json\/wp\/v2\/tags?post=14042"}],"curies":[{"name":"wp","href":"https:\/\/api.w.org\/{rel}","templated":true}]}}