
{"id":14067,"date":"2016-12-01T19:38:12","date_gmt":"2016-12-01T19:38:12","guid":{"rendered":"https:\/\/www.lejournalduforkane.com\/?p=14067"},"modified":"2016-12-01T19:38:58","modified_gmt":"2016-12-01T19:38:58","slug":"les-combattants-irakiens-trouvent-des-tenues-americaines-portees-par-les-terroristes-de-daesh","status":"publish","type":"post","link":"https:\/\/www.lejournalduforkane.com\/index.php\/les-combattants-irakiens-trouvent-des-tenues-americaines-portees-par-les-terroristes-de-daesh\/","title":{"rendered":"Les combattants irakiens trouvent des tenues am\u00e9ricaines port\u00e9es par les terroristes de Daesh"},"content":{"rendered":"<p><!--more--><\/p>\n<p style=\"text-align: justify;\"><span class=\"_5yl5\">Sur cette vid\u00e9o, on peut voir les brigades de l&rsquo;Imam Ali (AS) qui ont trouv\u00e9s une tenue am\u00e9ricaine, port\u00e9e par les snipers de daech, et utilis\u00e9e pour ne pas \u00eatre rep\u00e9r\u00e9 par les cam\u00e9ras thermiques depuis le ciel.<\/span><\/p>\n<p><iframe loading=\"lazy\" src=\"https:\/\/www.youtube.com\/embed\/T3jex283uMc\" width=\"560\" height=\"315\" frameborder=\"0\" allowfullscreen=\"allowfullscreen\"><\/iframe><\/p>\n","protected":false},"excerpt":{"rendered":"Sur cette vid\u00e9o, on peut voir les brigades de l'Imam Ali (AS) qui ont trouv\u00e9s une tenue am\u00e9ricaine, port\u00e9e par les snipers de daech, et utilis\u00e9e pour ne pas \u00eatre","protected":false},"author":2,"featured_media":0,"comment_status":"closed","ping_status":"open","sticky":false,"template":"","format":"standard","meta":[],"categories":[],"tags":[],"_links":{"self":[{"href":"https:\/\/www.lejournalduforkane.com\/index.php\/wp-json\/wp\/v2\/posts\/14067"}],"collection":[{"href":"https:\/\/www.lejournalduforkane.com\/index.php\/wp-json\/wp\/v2\/posts"}],"about":[{"href":"https:\/\/www.lejournalduforkane.com\/index.php\/wp-json\/wp\/v2\/types\/post"}],"author":[{"embeddable":true,"href":"https:\/\/www.lejournalduforkane.com\/index.php\/wp-json\/wp\/v2\/users\/2"}],"replies":[{"embeddable":true,"href":"https:\/\/www.lejournalduforkane.com\/index.php\/wp-json\/wp\/v2\/comments?post=14067"}],"version-history":[{"count":1,"href":"https:\/\/www.lejournalduforkane.com\/index.php\/wp-json\/wp\/v2\/posts\/14067\/revisions"}],"predecessor-version":[{"id":14069,"href":"https:\/\/www.lejournalduforkane.com\/index.php\/wp-json\/wp\/v2\/posts\/14067\/revisions\/14069"}],"wp:attachment":[{"href":"https:\/\/www.lejournalduforkane.com\/index.php\/wp-json\/wp\/v2\/media?parent=14067"}],"wp:term":[{"taxonomy":"category","embeddable":true,"href":"https:\/\/www.lejournalduforkane.com\/index.php\/wp-json\/wp\/v2\/categories?post=14067"},{"taxonomy":"post_tag","embeddable":true,"href":"https:\/\/www.lejournalduforkane.com\/index.php\/wp-json\/wp\/v2\/tags?post=14067"}],"curies":[{"name":"wp","href":"https:\/\/api.w.org\/{rel}","templated":true}]}}