
{"id":14084,"date":"2016-12-04T17:43:33","date_gmt":"2016-12-04T17:43:33","guid":{"rendered":"https:\/\/www.lejournalduforkane.com\/?p=14084"},"modified":"2019-01-27T19:51:14","modified_gmt":"2019-01-27T19:51:14","slug":"birmanie-les-rohingyas-enterrent-leurs-morts-en-douce-public-averti-partagez","status":"publish","type":"post","link":"https:\/\/www.lejournalduforkane.com\/index.php\/birmanie-les-rohingyas-enterrent-leurs-morts-en-douce-public-averti-partagez\/","title":{"rendered":"Birmanie &#8211; Les Rohingyas enterrent leurs Morts en douce, public averti , PARTAGEZ !!"},"content":{"rendered":"<p>Aux gens de bon sens !! Une terrible vid\u00e9o, mise en ligne sur les r\u00e9seaux sociaux. Ces hommes affirment qu&rsquo;en Birmanie, vouloir enterrer le corps d&rsquo;un musulman est d\u00e9j\u00e0 un crime et passible de ch\u00e2timent<\/p>\n<p><iframe loading=\"lazy\" src=\"https:\/\/www.youtube.com\/embed\/VvNiUuatVvE\" width=\"560\" height=\"315\" frameborder=\"0\" allowfullscreen=\"allowfullscreen\"><\/iframe><\/p>\n","protected":false},"excerpt":{"rendered":"<p>Aux gens de bon sens !! Une terrible vid\u00e9o, mise en ligne sur les r\u00e9seaux sociaux. Ces hommes affirment qu&rsquo;en Birmanie, vouloir enterrer le corps d&rsquo;un musulman est d\u00e9j\u00e0 un<\/p>\n","protected":false},"author":2,"featured_media":0,"comment_status":"closed","ping_status":"open","sticky":false,"template":"","format":"standard","meta":[],"categories":[],"tags":[],"_links":{"self":[{"href":"https:\/\/www.lejournalduforkane.com\/index.php\/wp-json\/wp\/v2\/posts\/14084"}],"collection":[{"href":"https:\/\/www.lejournalduforkane.com\/index.php\/wp-json\/wp\/v2\/posts"}],"about":[{"href":"https:\/\/www.lejournalduforkane.com\/index.php\/wp-json\/wp\/v2\/types\/post"}],"author":[{"embeddable":true,"href":"https:\/\/www.lejournalduforkane.com\/index.php\/wp-json\/wp\/v2\/users\/2"}],"replies":[{"embeddable":true,"href":"https:\/\/www.lejournalduforkane.com\/index.php\/wp-json\/wp\/v2\/comments?post=14084"}],"version-history":[{"count":2,"href":"https:\/\/www.lejournalduforkane.com\/index.php\/wp-json\/wp\/v2\/posts\/14084\/revisions"}],"predecessor-version":[{"id":14086,"href":"https:\/\/www.lejournalduforkane.com\/index.php\/wp-json\/wp\/v2\/posts\/14084\/revisions\/14086"}],"wp:attachment":[{"href":"https:\/\/www.lejournalduforkane.com\/index.php\/wp-json\/wp\/v2\/media?parent=14084"}],"wp:term":[{"taxonomy":"category","embeddable":true,"href":"https:\/\/www.lejournalduforkane.com\/index.php\/wp-json\/wp\/v2\/categories?post=14084"},{"taxonomy":"post_tag","embeddable":true,"href":"https:\/\/www.lejournalduforkane.com\/index.php\/wp-json\/wp\/v2\/tags?post=14084"}],"curies":[{"name":"wp","href":"https:\/\/api.w.org\/{rel}","templated":true}]}}