
{"id":14097,"date":"2016-12-04T19:40:39","date_gmt":"2016-12-04T19:40:39","guid":{"rendered":"https:\/\/www.lejournalduforkane.com\/?p=14097"},"modified":"2016-12-04T19:40:39","modified_gmt":"2016-12-04T19:40:39","slug":"video-le-general-iranien-qassem-souleimani-inspecte-les-unites-militaires-sur-le-champ-de-bataille-a-alep-dans-le-nord-de-la-syrie","status":"publish","type":"post","link":"https:\/\/www.lejournalduforkane.com\/index.php\/video-le-general-iranien-qassem-souleimani-inspecte-les-unites-militaires-sur-le-champ-de-bataille-a-alep-dans-le-nord-de-la-syrie\/","title":{"rendered":"[Vid\u00e9o] | Le g\u00e9n\u00e9ral iranien Qassem Souleimani, inspecte les unit\u00e9s militaires sur le champ de bataille \u00e0 Alep dans le nord de la Syrie."},"content":{"rendered":"<p><!--more--><\/p>\n<div id=\"js_fv\" class=\"_5pbx userContent\" data-ft=\"{&quot;tn&quot;:&quot;K&quot;}\">\n<p style=\"text-align: justify;\">Depuis septembre 2014, l\u2019Iran est venu en aide aux syriens et aux irakiens. Qassam Soleymani a pris en main la strat\u00e9gie militaire et su galvaniser les troupes. Depuis son arriv\u00e9e, l\u2019arm\u00e9e syrienne et irakienne vont de victoire en victoire\u2026<\/p>\n<p style=\"text-align: justify;\">\n<\/div>\n<p><iframe loading=\"lazy\" src=\"https:\/\/www.youtube.com\/embed\/TWb7EshKGw8\" width=\"560\" height=\"315\" frameborder=\"0\" allowfullscreen=\"allowfullscreen\"><\/iframe><\/p>\n","protected":false},"excerpt":{"rendered":"Depuis septembre 2014, l\u2019Iran est venu en aide aux syriens et aux irakiens. Qassam Soleymani a pris en main la strat\u00e9gie militaire et su galvaniser les troupes. Depuis son arriv\u00e9e,","protected":false},"author":2,"featured_media":0,"comment_status":"closed","ping_status":"open","sticky":false,"template":"","format":"standard","meta":[],"categories":[],"tags":[],"_links":{"self":[{"href":"https:\/\/www.lejournalduforkane.com\/index.php\/wp-json\/wp\/v2\/posts\/14097"}],"collection":[{"href":"https:\/\/www.lejournalduforkane.com\/index.php\/wp-json\/wp\/v2\/posts"}],"about":[{"href":"https:\/\/www.lejournalduforkane.com\/index.php\/wp-json\/wp\/v2\/types\/post"}],"author":[{"embeddable":true,"href":"https:\/\/www.lejournalduforkane.com\/index.php\/wp-json\/wp\/v2\/users\/2"}],"replies":[{"embeddable":true,"href":"https:\/\/www.lejournalduforkane.com\/index.php\/wp-json\/wp\/v2\/comments?post=14097"}],"version-history":[{"count":1,"href":"https:\/\/www.lejournalduforkane.com\/index.php\/wp-json\/wp\/v2\/posts\/14097\/revisions"}],"predecessor-version":[{"id":14099,"href":"https:\/\/www.lejournalduforkane.com\/index.php\/wp-json\/wp\/v2\/posts\/14097\/revisions\/14099"}],"wp:attachment":[{"href":"https:\/\/www.lejournalduforkane.com\/index.php\/wp-json\/wp\/v2\/media?parent=14097"}],"wp:term":[{"taxonomy":"category","embeddable":true,"href":"https:\/\/www.lejournalduforkane.com\/index.php\/wp-json\/wp\/v2\/categories?post=14097"},{"taxonomy":"post_tag","embeddable":true,"href":"https:\/\/www.lejournalduforkane.com\/index.php\/wp-json\/wp\/v2\/tags?post=14097"}],"curies":[{"name":"wp","href":"https:\/\/api.w.org\/{rel}","templated":true}]}}