
{"id":14120,"date":"2016-12-05T20:08:24","date_gmt":"2016-12-05T20:08:24","guid":{"rendered":"https:\/\/www.lejournalduforkane.com\/?p=14120"},"modified":"2016-12-05T20:10:02","modified_gmt":"2016-12-05T20:10:02","slug":"video-les-enfants-dalep-est-retourne-a-lecole-apres-une-interruption-de-5-ans","status":"publish","type":"post","link":"https:\/\/www.lejournalduforkane.com\/index.php\/video-les-enfants-dalep-est-retourne-a-lecole-apres-une-interruption-de-5-ans\/","title":{"rendered":"Vid\u00e9o : les enfants d&rsquo;Alep Est retournent \u00e0 l&rsquo;\u00e9cole apr\u00e8s une interruption de 5 ans"},"content":{"rendered":"<p><!--more--><\/p>\n<p>&nbsp;<br \/>\n<iframe loading=\"lazy\" width=\"560\" height=\"315\" src=\"https:\/\/www.youtube.com\/embed\/xp4zXDCwvwk\" frameborder=\"0\" allowfullscreen><\/iframe><\/p>\n","protected":false},"excerpt":{"rendered":"&nbsp;","protected":false},"author":2,"featured_media":0,"comment_status":"closed","ping_status":"open","sticky":false,"template":"","format":"standard","meta":[],"categories":[],"tags":[],"_links":{"self":[{"href":"https:\/\/www.lejournalduforkane.com\/index.php\/wp-json\/wp\/v2\/posts\/14120"}],"collection":[{"href":"https:\/\/www.lejournalduforkane.com\/index.php\/wp-json\/wp\/v2\/posts"}],"about":[{"href":"https:\/\/www.lejournalduforkane.com\/index.php\/wp-json\/wp\/v2\/types\/post"}],"author":[{"embeddable":true,"href":"https:\/\/www.lejournalduforkane.com\/index.php\/wp-json\/wp\/v2\/users\/2"}],"replies":[{"embeddable":true,"href":"https:\/\/www.lejournalduforkane.com\/index.php\/wp-json\/wp\/v2\/comments?post=14120"}],"version-history":[{"count":2,"href":"https:\/\/www.lejournalduforkane.com\/index.php\/wp-json\/wp\/v2\/posts\/14120\/revisions"}],"predecessor-version":[{"id":14123,"href":"https:\/\/www.lejournalduforkane.com\/index.php\/wp-json\/wp\/v2\/posts\/14120\/revisions\/14123"}],"wp:attachment":[{"href":"https:\/\/www.lejournalduforkane.com\/index.php\/wp-json\/wp\/v2\/media?parent=14120"}],"wp:term":[{"taxonomy":"category","embeddable":true,"href":"https:\/\/www.lejournalduforkane.com\/index.php\/wp-json\/wp\/v2\/categories?post=14120"},{"taxonomy":"post_tag","embeddable":true,"href":"https:\/\/www.lejournalduforkane.com\/index.php\/wp-json\/wp\/v2\/tags?post=14120"}],"curies":[{"name":"wp","href":"https:\/\/api.w.org\/{rel}","templated":true}]}}