
{"id":14181,"date":"2016-12-09T19:49:20","date_gmt":"2016-12-09T19:49:20","guid":{"rendered":"https:\/\/www.lejournalduforkane.com\/?p=14181"},"modified":"2016-12-09T19:49:20","modified_gmt":"2016-12-09T19:49:20","slug":"video-russie-le-chef-de-la-branche-russe-de-daesh-tue-dans-une-operation-speciale-du-fsb","status":"publish","type":"post","link":"https:\/\/www.lejournalduforkane.com\/index.php\/video-russie-le-chef-de-la-branche-russe-de-daesh-tue-dans-une-operation-speciale-du-fsb\/","title":{"rendered":"[Vid\u00e9o] | Russie : le chef de la branche russe de Daesh tu\u00e9 dans une op\u00e9ration sp\u00e9ciale du FSB"},"content":{"rendered":"<p><!--more--><\/p>\n<p style=\"text-align: justify;\"><span class=\"_5yl5\">Le service f\u00e9d\u00e9ral de s\u00e9curit\u00e9 (FSB) russe a tu\u00e9 le chef d\u2019un groupe terroriste qui avait pr\u00eat\u00e9 all\u00e9geance \u00e0 Daesh, ainsi que ses combattants dans le nord du Caucase au cours d&rsquo;une op\u00e9ration dans la r\u00e9publique russe du Daguestan.<\/span><\/p>\n<p><iframe loading=\"lazy\" src=\"https:\/\/www.youtube.com\/embed\/b8fmNTGJOy0\" width=\"560\" height=\"315\" frameborder=\"0\" allowfullscreen=\"allowfullscreen\"><\/iframe><\/p>\n","protected":false},"excerpt":{"rendered":"Le service f\u00e9d\u00e9ral de s\u00e9curit\u00e9 (FSB) russe a tu\u00e9 le chef d\u2019un groupe terroriste qui avait pr\u00eat\u00e9 all\u00e9geance \u00e0 Daesh, ainsi que ses combattants dans le nord du Caucase au","protected":false},"author":2,"featured_media":0,"comment_status":"closed","ping_status":"open","sticky":false,"template":"","format":"standard","meta":[],"categories":[],"tags":[],"_links":{"self":[{"href":"https:\/\/www.lejournalduforkane.com\/index.php\/wp-json\/wp\/v2\/posts\/14181"}],"collection":[{"href":"https:\/\/www.lejournalduforkane.com\/index.php\/wp-json\/wp\/v2\/posts"}],"about":[{"href":"https:\/\/www.lejournalduforkane.com\/index.php\/wp-json\/wp\/v2\/types\/post"}],"author":[{"embeddable":true,"href":"https:\/\/www.lejournalduforkane.com\/index.php\/wp-json\/wp\/v2\/users\/2"}],"replies":[{"embeddable":true,"href":"https:\/\/www.lejournalduforkane.com\/index.php\/wp-json\/wp\/v2\/comments?post=14181"}],"version-history":[{"count":1,"href":"https:\/\/www.lejournalduforkane.com\/index.php\/wp-json\/wp\/v2\/posts\/14181\/revisions"}],"predecessor-version":[{"id":14183,"href":"https:\/\/www.lejournalduforkane.com\/index.php\/wp-json\/wp\/v2\/posts\/14181\/revisions\/14183"}],"wp:attachment":[{"href":"https:\/\/www.lejournalduforkane.com\/index.php\/wp-json\/wp\/v2\/media?parent=14181"}],"wp:term":[{"taxonomy":"category","embeddable":true,"href":"https:\/\/www.lejournalduforkane.com\/index.php\/wp-json\/wp\/v2\/categories?post=14181"},{"taxonomy":"post_tag","embeddable":true,"href":"https:\/\/www.lejournalduforkane.com\/index.php\/wp-json\/wp\/v2\/tags?post=14181"}],"curies":[{"name":"wp","href":"https:\/\/api.w.org\/{rel}","templated":true}]}}