
{"id":14215,"date":"2016-12-12T16:49:51","date_gmt":"2016-12-12T16:49:51","guid":{"rendered":"https:\/\/www.lejournalduforkane.com\/?p=14215"},"modified":"2016-12-12T16:49:51","modified_gmt":"2016-12-12T16:49:51","slug":"video-regardez-les-habitants-dhassake-sortent-pour-feter-les-victoires-de-larmee-arabe-syrienne-a-alep","status":"publish","type":"post","link":"https:\/\/www.lejournalduforkane.com\/index.php\/video-regardez-les-habitants-dhassake-sortent-pour-feter-les-victoires-de-larmee-arabe-syrienne-a-alep\/","title":{"rendered":"[Vid\u00e9o] | Regardez&#8230;Les habitants d&rsquo;Hassak\u00e9 sortent pour f\u00eater les victoires de l&rsquo;Arm\u00e9e Arabe Syrienne \u00e0 Alep"},"content":{"rendered":"<p><!--more--><\/p>\n<div id=\"js_2vm\" class=\"_5pbx userContent\" data-ft=\"{&quot;tn&quot;:&quot;K&quot;}\">\n<p style=\"text-align: justify;\">Les habitants de la province d&rsquo;Hassak\u00e9 (Nord-est de la Syrie) sont descendus dans les rues pour c\u00e9l\u00e9brer les victoires de l&rsquo;Arm\u00e9e Arabe Syrienne et de ses alli\u00e9s dans la ville d&rsquo;Alep.<\/p>\n<p style=\"text-align: justify;\">QUE DIEU LIB\u00c8RE LA SYRIE DE CES HORDES DE SALAFISTES WAHABBITES<\/p>\n<\/div>\n<p><iframe loading=\"lazy\" src=\"https:\/\/www.youtube.com\/embed\/-v1FrTviNzc\" width=\"560\" height=\"315\" frameborder=\"0\" allowfullscreen=\"allowfullscreen\"><\/iframe><\/p>\n","protected":false},"excerpt":{"rendered":"Les habitants de la province d'Hassak\u00e9 (Nord-est de la Syrie) sont descendus dans les rues pour c\u00e9l\u00e9brer les victoires de l'Arm\u00e9e Arabe Syrienne et de ses alli\u00e9s dans la ville","protected":false},"author":2,"featured_media":0,"comment_status":"closed","ping_status":"open","sticky":false,"template":"","format":"standard","meta":[],"categories":[],"tags":[],"_links":{"self":[{"href":"https:\/\/www.lejournalduforkane.com\/index.php\/wp-json\/wp\/v2\/posts\/14215"}],"collection":[{"href":"https:\/\/www.lejournalduforkane.com\/index.php\/wp-json\/wp\/v2\/posts"}],"about":[{"href":"https:\/\/www.lejournalduforkane.com\/index.php\/wp-json\/wp\/v2\/types\/post"}],"author":[{"embeddable":true,"href":"https:\/\/www.lejournalduforkane.com\/index.php\/wp-json\/wp\/v2\/users\/2"}],"replies":[{"embeddable":true,"href":"https:\/\/www.lejournalduforkane.com\/index.php\/wp-json\/wp\/v2\/comments?post=14215"}],"version-history":[{"count":1,"href":"https:\/\/www.lejournalduforkane.com\/index.php\/wp-json\/wp\/v2\/posts\/14215\/revisions"}],"predecessor-version":[{"id":14217,"href":"https:\/\/www.lejournalduforkane.com\/index.php\/wp-json\/wp\/v2\/posts\/14215\/revisions\/14217"}],"wp:attachment":[{"href":"https:\/\/www.lejournalduforkane.com\/index.php\/wp-json\/wp\/v2\/media?parent=14215"}],"wp:term":[{"taxonomy":"category","embeddable":true,"href":"https:\/\/www.lejournalduforkane.com\/index.php\/wp-json\/wp\/v2\/categories?post=14215"},{"taxonomy":"post_tag","embeddable":true,"href":"https:\/\/www.lejournalduforkane.com\/index.php\/wp-json\/wp\/v2\/tags?post=14215"}],"curies":[{"name":"wp","href":"https:\/\/api.w.org\/{rel}","templated":true}]}}