
{"id":14218,"date":"2016-12-12T17:03:33","date_gmt":"2016-12-12T17:03:33","guid":{"rendered":"https:\/\/www.lejournalduforkane.com\/?p=14218"},"modified":"2016-12-12T17:03:33","modified_gmt":"2016-12-12T17:03:33","slug":"video-les-terroristes-salafistes-cachaient-aux-civils-denormes-quantites-de-nourriture-et-de-medicaments","status":"publish","type":"post","link":"https:\/\/www.lejournalduforkane.com\/index.php\/video-les-terroristes-salafistes-cachaient-aux-civils-denormes-quantites-de-nourriture-et-de-medicaments\/","title":{"rendered":"[Vid\u00e9o] |Les terroristes salafistes cachaient aux civils d&rsquo;\u00e9normes quantit\u00e9s de nourriture et de m\u00e9dicaments&#8230;"},"content":{"rendered":"<p><!--more--><\/p>\n<p style=\"text-align: justify;\">Les m\u00e9dias sionistes ont toujours accus\u00e9s Bachar Al Assad d&rsquo;affamer la population d&rsquo;Alep Ouest. Cette vid\u00e9o nous prouve le contraire et montre qu&rsquo;en r\u00e9alit\u00e9, ce sont les terroristes salafistes qui cachaient aux civils d&rsquo;\u00e9normes quantit\u00e9s de nourriture et de m\u00e9dicaments&#8230;<\/p>\n<p><iframe loading=\"lazy\" src=\"https:\/\/www.youtube.com\/embed\/P44LBwP9r7E\" width=\"560\" height=\"315\" frameborder=\"0\" allowfullscreen=\"allowfullscreen\"><\/iframe><\/p>\n","protected":false},"excerpt":{"rendered":"Les m\u00e9dias sionistes ont toujours accus\u00e9s Bachar Al Assad d'affamer la population d'Alep Ouest. Cette vid\u00e9o nous prouve le contraire et montre qu'en r\u00e9alit\u00e9, ce sont les terroristes salafistes qui","protected":false},"author":2,"featured_media":0,"comment_status":"closed","ping_status":"open","sticky":false,"template":"","format":"standard","meta":[],"categories":[],"tags":[],"_links":{"self":[{"href":"https:\/\/www.lejournalduforkane.com\/index.php\/wp-json\/wp\/v2\/posts\/14218"}],"collection":[{"href":"https:\/\/www.lejournalduforkane.com\/index.php\/wp-json\/wp\/v2\/posts"}],"about":[{"href":"https:\/\/www.lejournalduforkane.com\/index.php\/wp-json\/wp\/v2\/types\/post"}],"author":[{"embeddable":true,"href":"https:\/\/www.lejournalduforkane.com\/index.php\/wp-json\/wp\/v2\/users\/2"}],"replies":[{"embeddable":true,"href":"https:\/\/www.lejournalduforkane.com\/index.php\/wp-json\/wp\/v2\/comments?post=14218"}],"version-history":[{"count":1,"href":"https:\/\/www.lejournalduforkane.com\/index.php\/wp-json\/wp\/v2\/posts\/14218\/revisions"}],"predecessor-version":[{"id":14220,"href":"https:\/\/www.lejournalduforkane.com\/index.php\/wp-json\/wp\/v2\/posts\/14218\/revisions\/14220"}],"wp:attachment":[{"href":"https:\/\/www.lejournalduforkane.com\/index.php\/wp-json\/wp\/v2\/media?parent=14218"}],"wp:term":[{"taxonomy":"category","embeddable":true,"href":"https:\/\/www.lejournalduforkane.com\/index.php\/wp-json\/wp\/v2\/categories?post=14218"},{"taxonomy":"post_tag","embeddable":true,"href":"https:\/\/www.lejournalduforkane.com\/index.php\/wp-json\/wp\/v2\/tags?post=14218"}],"curies":[{"name":"wp","href":"https:\/\/api.w.org\/{rel}","templated":true}]}}