
{"id":14224,"date":"2016-12-12T17:18:12","date_gmt":"2016-12-12T17:18:12","guid":{"rendered":"https:\/\/www.lejournalduforkane.com\/?p=14224"},"modified":"2016-12-12T17:18:12","modified_gmt":"2016-12-12T17:18:12","slug":"liberation-de-30-quartiers-a-lest-de-mossoul-et-mort-de-30-terroristes-de-daesh","status":"publish","type":"post","link":"https:\/\/www.lejournalduforkane.com\/index.php\/liberation-de-30-quartiers-a-lest-de-mossoul-et-mort-de-30-terroristes-de-daesh\/","title":{"rendered":"Lib\u00e9ration de 30 quartiers \u00e0 l&rsquo;Est de Mossoul et mort de 30 terroristes de Daesh"},"content":{"rendered":"<p><!--more--><\/p>\n<p style=\"text-align: justify;\">Les forces irakiennes ont achev\u00e9s la premi\u00e8re phase des op\u00e9rations dans le c\u00f4t\u00e9 gauche de la ville de Mossoul, apr\u00e8s la lib\u00e9ration de plus de 30 quartiers \u00e0 l&rsquo;est de Mossoul. Alors que les forces de la mobilisation populaire ont annonc\u00e9es l&rsquo;ach\u00e8vement de la cinqui\u00e8me phase de ses op\u00e9rations et de se pr\u00e9parer pour le d\u00e9but d&rsquo;une nouvelle \u00e9tape.<\/p>\n<p><iframe loading=\"lazy\" src=\"https:\/\/www.youtube.com\/embed\/_o1GqtGIP0Q\" width=\"560\" height=\"315\" frameborder=\"0\" allowfullscreen=\"allowfullscreen\"><\/iframe><\/p>\n","protected":false},"excerpt":{"rendered":"Les forces irakiennes ont achev\u00e9s la premi\u00e8re phase des op\u00e9rations dans le c\u00f4t\u00e9 gauche de la ville de Mossoul, apr\u00e8s la lib\u00e9ration de plus de 30 quartiers \u00e0 l'est de","protected":false},"author":2,"featured_media":0,"comment_status":"closed","ping_status":"open","sticky":false,"template":"","format":"standard","meta":[],"categories":[],"tags":[],"_links":{"self":[{"href":"https:\/\/www.lejournalduforkane.com\/index.php\/wp-json\/wp\/v2\/posts\/14224"}],"collection":[{"href":"https:\/\/www.lejournalduforkane.com\/index.php\/wp-json\/wp\/v2\/posts"}],"about":[{"href":"https:\/\/www.lejournalduforkane.com\/index.php\/wp-json\/wp\/v2\/types\/post"}],"author":[{"embeddable":true,"href":"https:\/\/www.lejournalduforkane.com\/index.php\/wp-json\/wp\/v2\/users\/2"}],"replies":[{"embeddable":true,"href":"https:\/\/www.lejournalduforkane.com\/index.php\/wp-json\/wp\/v2\/comments?post=14224"}],"version-history":[{"count":1,"href":"https:\/\/www.lejournalduforkane.com\/index.php\/wp-json\/wp\/v2\/posts\/14224\/revisions"}],"predecessor-version":[{"id":14226,"href":"https:\/\/www.lejournalduforkane.com\/index.php\/wp-json\/wp\/v2\/posts\/14224\/revisions\/14226"}],"wp:attachment":[{"href":"https:\/\/www.lejournalduforkane.com\/index.php\/wp-json\/wp\/v2\/media?parent=14224"}],"wp:term":[{"taxonomy":"category","embeddable":true,"href":"https:\/\/www.lejournalduforkane.com\/index.php\/wp-json\/wp\/v2\/categories?post=14224"},{"taxonomy":"post_tag","embeddable":true,"href":"https:\/\/www.lejournalduforkane.com\/index.php\/wp-json\/wp\/v2\/tags?post=14224"}],"curies":[{"name":"wp","href":"https:\/\/api.w.org\/{rel}","templated":true}]}}