
{"id":14227,"date":"2016-12-12T17:23:14","date_gmt":"2016-12-12T17:23:14","guid":{"rendered":"https:\/\/www.lejournalduforkane.com\/?p=14227"},"modified":"2016-12-12T17:23:14","modified_gmt":"2016-12-12T17:23:14","slug":"video-speciale-le-plus-grand-depot-darmes-et-dentrepots-de-nourritures-des-groupes-terroristes-salafistes-retrouves-a-alep","status":"publish","type":"post","link":"https:\/\/www.lejournalduforkane.com\/index.php\/video-speciale-le-plus-grand-depot-darmes-et-dentrepots-de-nourritures-des-groupes-terroristes-salafistes-retrouves-a-alep\/","title":{"rendered":"Vid\u00e9o sp\u00e9ciale : Le plus grand d\u00e9p\u00f4t d&rsquo;armes et d&rsquo;entrep\u00f4ts de nourritures des groupes t\u00e9rroristes salafistes retrouv\u00e9s \u00e0 Alep"},"content":{"rendered":"<p><!--more--><br \/>\n<iframe loading=\"lazy\" src=\"https:\/\/www.youtube.com\/embed\/v4hs6l7xaFQ\" width=\"560\" height=\"315\" frameborder=\"0\" allowfullscreen=\"allowfullscreen\"><\/iframe><\/p>\n","protected":false},"excerpt":{"rendered":"","protected":false},"author":2,"featured_media":0,"comment_status":"closed","ping_status":"open","sticky":false,"template":"","format":"standard","meta":[],"categories":[],"tags":[],"_links":{"self":[{"href":"https:\/\/www.lejournalduforkane.com\/index.php\/wp-json\/wp\/v2\/posts\/14227"}],"collection":[{"href":"https:\/\/www.lejournalduforkane.com\/index.php\/wp-json\/wp\/v2\/posts"}],"about":[{"href":"https:\/\/www.lejournalduforkane.com\/index.php\/wp-json\/wp\/v2\/types\/post"}],"author":[{"embeddable":true,"href":"https:\/\/www.lejournalduforkane.com\/index.php\/wp-json\/wp\/v2\/users\/2"}],"replies":[{"embeddable":true,"href":"https:\/\/www.lejournalduforkane.com\/index.php\/wp-json\/wp\/v2\/comments?post=14227"}],"version-history":[{"count":1,"href":"https:\/\/www.lejournalduforkane.com\/index.php\/wp-json\/wp\/v2\/posts\/14227\/revisions"}],"predecessor-version":[{"id":14229,"href":"https:\/\/www.lejournalduforkane.com\/index.php\/wp-json\/wp\/v2\/posts\/14227\/revisions\/14229"}],"wp:attachment":[{"href":"https:\/\/www.lejournalduforkane.com\/index.php\/wp-json\/wp\/v2\/media?parent=14227"}],"wp:term":[{"taxonomy":"category","embeddable":true,"href":"https:\/\/www.lejournalduforkane.com\/index.php\/wp-json\/wp\/v2\/categories?post=14227"},{"taxonomy":"post_tag","embeddable":true,"href":"https:\/\/www.lejournalduforkane.com\/index.php\/wp-json\/wp\/v2\/tags?post=14227"}],"curies":[{"name":"wp","href":"https:\/\/api.w.org\/{rel}","templated":true}]}}