
{"id":14230,"date":"2016-12-12T17:26:10","date_gmt":"2016-12-12T17:26:10","guid":{"rendered":"https:\/\/www.lejournalduforkane.com\/?p=14230"},"modified":"2016-12-12T17:26:10","modified_gmt":"2016-12-12T17:26:10","slug":"video-larmee-arabe-syrienne-abat-une-dizaine-de-terroristes-et-detruit-leurs-vehicules-dans-le-rif-de-lattaquie","status":"publish","type":"post","link":"https:\/\/www.lejournalduforkane.com\/index.php\/video-larmee-arabe-syrienne-abat-une-dizaine-de-terroristes-et-detruit-leurs-vehicules-dans-le-rif-de-lattaquie\/","title":{"rendered":"[Vid\u00e9o] | L&rsquo;Arm\u00e9e Arabe Syrienne abat une dizaine de terroristes et d\u00e9truit leurs v\u00e9hicules dans le rif de Lattaqui\u00e9"},"content":{"rendered":"<p><!--more--><br \/>\n<iframe loading=\"lazy\" src=\"https:\/\/www.youtube.com\/embed\/Lm3MnqHqwVE\" width=\"560\" height=\"315\" frameborder=\"0\" allowfullscreen=\"allowfullscreen\"><\/iframe><\/p>\n","protected":false},"excerpt":{"rendered":"","protected":false},"author":2,"featured_media":0,"comment_status":"closed","ping_status":"open","sticky":false,"template":"","format":"standard","meta":[],"categories":[],"tags":[],"_links":{"self":[{"href":"https:\/\/www.lejournalduforkane.com\/index.php\/wp-json\/wp\/v2\/posts\/14230"}],"collection":[{"href":"https:\/\/www.lejournalduforkane.com\/index.php\/wp-json\/wp\/v2\/posts"}],"about":[{"href":"https:\/\/www.lejournalduforkane.com\/index.php\/wp-json\/wp\/v2\/types\/post"}],"author":[{"embeddable":true,"href":"https:\/\/www.lejournalduforkane.com\/index.php\/wp-json\/wp\/v2\/users\/2"}],"replies":[{"embeddable":true,"href":"https:\/\/www.lejournalduforkane.com\/index.php\/wp-json\/wp\/v2\/comments?post=14230"}],"version-history":[{"count":1,"href":"https:\/\/www.lejournalduforkane.com\/index.php\/wp-json\/wp\/v2\/posts\/14230\/revisions"}],"predecessor-version":[{"id":14232,"href":"https:\/\/www.lejournalduforkane.com\/index.php\/wp-json\/wp\/v2\/posts\/14230\/revisions\/14232"}],"wp:attachment":[{"href":"https:\/\/www.lejournalduforkane.com\/index.php\/wp-json\/wp\/v2\/media?parent=14230"}],"wp:term":[{"taxonomy":"category","embeddable":true,"href":"https:\/\/www.lejournalduforkane.com\/index.php\/wp-json\/wp\/v2\/categories?post=14230"},{"taxonomy":"post_tag","embeddable":true,"href":"https:\/\/www.lejournalduforkane.com\/index.php\/wp-json\/wp\/v2\/tags?post=14230"}],"curies":[{"name":"wp","href":"https:\/\/api.w.org\/{rel}","templated":true}]}}