
{"id":14242,"date":"2016-12-12T19:59:57","date_gmt":"2016-12-12T19:59:57","guid":{"rendered":"https:\/\/www.lejournalduforkane.com\/?p=14242"},"modified":"2016-12-12T19:59:57","modified_gmt":"2016-12-12T19:59:57","slug":"video-celebration-de-la-naissance-du-prophete-mohammed-p-a-sanaa","status":"publish","type":"post","link":"https:\/\/www.lejournalduforkane.com\/index.php\/video-celebration-de-la-naissance-du-prophete-mohammed-p-a-sanaa\/","title":{"rendered":"[Vid\u00e9o] | C\u00e9l\u00e9bration de la naissance du Proph\u00e8te Mohammed (P) \u00e0 Sanaa"},"content":{"rendered":"<p><!--more--><\/p>\n<p><span class=\"_5yl5\">Regardez la vid\u00e9o et vous comprenez pourquoi le Proph\u00e8te Mohammed (P) a b\u00e9ni le Y\u00e9men.<\/span><br \/>\n<iframe loading=\"lazy\" src=\"https:\/\/www.youtube.com\/embed\/NId7x667MZs\" width=\"560\" height=\"315\" frameborder=\"0\" allowfullscreen=\"allowfullscreen\"><\/iframe><\/p>\n","protected":false},"excerpt":{"rendered":"Regardez la vid\u00e9o et vous comprenez pourquoi le Proph\u00e8te Mohammed (P) a b\u00e9ni le Y\u00e9men.","protected":false},"author":2,"featured_media":0,"comment_status":"closed","ping_status":"open","sticky":false,"template":"","format":"standard","meta":[],"categories":[],"tags":[],"_links":{"self":[{"href":"https:\/\/www.lejournalduforkane.com\/index.php\/wp-json\/wp\/v2\/posts\/14242"}],"collection":[{"href":"https:\/\/www.lejournalduforkane.com\/index.php\/wp-json\/wp\/v2\/posts"}],"about":[{"href":"https:\/\/www.lejournalduforkane.com\/index.php\/wp-json\/wp\/v2\/types\/post"}],"author":[{"embeddable":true,"href":"https:\/\/www.lejournalduforkane.com\/index.php\/wp-json\/wp\/v2\/users\/2"}],"replies":[{"embeddable":true,"href":"https:\/\/www.lejournalduforkane.com\/index.php\/wp-json\/wp\/v2\/comments?post=14242"}],"version-history":[{"count":1,"href":"https:\/\/www.lejournalduforkane.com\/index.php\/wp-json\/wp\/v2\/posts\/14242\/revisions"}],"predecessor-version":[{"id":14245,"href":"https:\/\/www.lejournalduforkane.com\/index.php\/wp-json\/wp\/v2\/posts\/14242\/revisions\/14245"}],"wp:attachment":[{"href":"https:\/\/www.lejournalduforkane.com\/index.php\/wp-json\/wp\/v2\/media?parent=14242"}],"wp:term":[{"taxonomy":"category","embeddable":true,"href":"https:\/\/www.lejournalduforkane.com\/index.php\/wp-json\/wp\/v2\/categories?post=14242"},{"taxonomy":"post_tag","embeddable":true,"href":"https:\/\/www.lejournalduforkane.com\/index.php\/wp-json\/wp\/v2\/tags?post=14242"}],"curies":[{"name":"wp","href":"https:\/\/api.w.org\/{rel}","templated":true}]}}