
{"id":14243,"date":"2016-12-12T20:02:13","date_gmt":"2016-12-12T20:02:13","guid":{"rendered":"https:\/\/www.lejournalduforkane.com\/?p=14243"},"modified":"2016-12-12T20:02:13","modified_gmt":"2016-12-12T20:02:13","slug":"video-le-sheikh-youssef-al-qardawi-sattaque-une-fois-de-plus-aux-musulmans-chiites-et-soutient-les-terroristes-salafistes","status":"publish","type":"post","link":"https:\/\/www.lejournalduforkane.com\/index.php\/video-le-sheikh-youssef-al-qardawi-sattaque-une-fois-de-plus-aux-musulmans-chiites-et-soutient-les-terroristes-salafistes\/","title":{"rendered":"[Vid\u00e9o] | Le Sheikh Youssef Al Qardawi s&rsquo;attaque une fois de plus aux Musulmans chiites et soutient les terroristes salafistes"},"content":{"rendered":"<p><!--more--><\/p>\n<p><span class=\"_5yl5\">Voici ce qu&rsquo;il dit : \u00ab\u00a0Nous devons \u00eatre avec nos fr\u00e8res ( les terroristes ) en Syrie et en Irak.. Avant les sunnites \u00e9taient des ma\u00eetres en Irak, alors que les chiites \u00e9taient minoritaires.. Ils ont voulu changer la nature de ce pays&#8230; Si j&rsquo;en avais eu les moyens, je serais parti avec ceux qui sont partis et j&rsquo;aurais combattu avec les \u00ab\u00a0combattants\u00a0\u00bb ( les terroristes )\u00a0\u00bb<\/p>\n<p>Pour rappel, Yusuf al-Qaradawi avait appel\u00e9 les sunnites \u00e0 combattre en Syrie, il a responsabilit\u00e9 morale dans l\u2019assassinat de Ramadan Al-Bouti, il avait appel\u00e9 le Front Al-Nosra \u00e0 se dissocier d\u2019Al-Qa\u00efda !!! Il avait appel\u00e9 sur Al Jazeera \u00e0 se r\u00e9volter contre Kadhafi, estimant qu\u2019il \u00e9tait \u00ablicite de le tuer\u00bb\u2026<br \/>\n<\/span><br \/>\n<iframe loading=\"lazy\" width=\"560\" height=\"315\" src=\"https:\/\/www.youtube.com\/embed\/d1eaZEVghxY\" frameborder=\"0\" allowfullscreen><\/iframe><\/p>\n","protected":false},"excerpt":{"rendered":"Voici ce qu'il dit : \"Nous devons \u00eatre avec nos fr\u00e8res ( les terroristes ) en Syrie et en Irak.. Avant les sunnites \u00e9taient des ma\u00eetres en Irak, alors que","protected":false},"author":2,"featured_media":0,"comment_status":"closed","ping_status":"open","sticky":false,"template":"","format":"standard","meta":[],"categories":[],"tags":[],"_links":{"self":[{"href":"https:\/\/www.lejournalduforkane.com\/index.php\/wp-json\/wp\/v2\/posts\/14243"}],"collection":[{"href":"https:\/\/www.lejournalduforkane.com\/index.php\/wp-json\/wp\/v2\/posts"}],"about":[{"href":"https:\/\/www.lejournalduforkane.com\/index.php\/wp-json\/wp\/v2\/types\/post"}],"author":[{"embeddable":true,"href":"https:\/\/www.lejournalduforkane.com\/index.php\/wp-json\/wp\/v2\/users\/2"}],"replies":[{"embeddable":true,"href":"https:\/\/www.lejournalduforkane.com\/index.php\/wp-json\/wp\/v2\/comments?post=14243"}],"version-history":[{"count":1,"href":"https:\/\/www.lejournalduforkane.com\/index.php\/wp-json\/wp\/v2\/posts\/14243\/revisions"}],"predecessor-version":[{"id":14247,"href":"https:\/\/www.lejournalduforkane.com\/index.php\/wp-json\/wp\/v2\/posts\/14243\/revisions\/14247"}],"wp:attachment":[{"href":"https:\/\/www.lejournalduforkane.com\/index.php\/wp-json\/wp\/v2\/media?parent=14243"}],"wp:term":[{"taxonomy":"category","embeddable":true,"href":"https:\/\/www.lejournalduforkane.com\/index.php\/wp-json\/wp\/v2\/categories?post=14243"},{"taxonomy":"post_tag","embeddable":true,"href":"https:\/\/www.lejournalduforkane.com\/index.php\/wp-json\/wp\/v2\/tags?post=14243"}],"curies":[{"name":"wp","href":"https:\/\/api.w.org\/{rel}","templated":true}]}}