
{"id":14274,"date":"2016-12-16T17:32:01","date_gmt":"2016-12-16T17:32:01","guid":{"rendered":"https:\/\/www.lejournalduforkane.com\/?p=14274"},"modified":"2016-12-16T17:32:01","modified_gmt":"2016-12-16T17:32:01","slug":"les-forces-aeriennes-irakiennes-abattent-70-terroristes-de-daesh","status":"publish","type":"post","link":"https:\/\/www.lejournalduforkane.com\/index.php\/les-forces-aeriennes-irakiennes-abattent-70-terroristes-de-daesh\/","title":{"rendered":"Les Forces a\u00e9riennes irakiennes abattent 70 terroristes de Daesh"},"content":{"rendered":"<p style=\"text-align: justify;\"><!--more-->Le minist\u00e8re de la D\u00e9fense a annonc\u00e9 que 20 commandants du groupe terroristes figuraient parmi les morts. Le minist\u00e8re a indiqu\u00e9 que les avions irakiens avaient cibl\u00e9 les terroristes dans la ville de el Abta, \u00e0 l&rsquo;ouest de Mossoul.<\/p>\n<p style=\"text-align: justify;\">\n<iframe loading=\"lazy\" src=\"https:\/\/www.youtube.com\/embed\/sYtag399zSQ\" width=\"560\" height=\"315\" frameborder=\"0\" allowfullscreen=\"allowfullscreen\"><\/iframe><\/p>\n","protected":false},"excerpt":{"rendered":"Le minist\u00e8re de la D\u00e9fense a annonc\u00e9 que 20 commandants du groupe terroristes figuraient parmi les morts. Le minist\u00e8re a indiqu\u00e9 que les avions irakiens avaient cibl\u00e9 les terroristes dans","protected":false},"author":2,"featured_media":0,"comment_status":"closed","ping_status":"open","sticky":false,"template":"","format":"standard","meta":[],"categories":[],"tags":[],"_links":{"self":[{"href":"https:\/\/www.lejournalduforkane.com\/index.php\/wp-json\/wp\/v2\/posts\/14274"}],"collection":[{"href":"https:\/\/www.lejournalduforkane.com\/index.php\/wp-json\/wp\/v2\/posts"}],"about":[{"href":"https:\/\/www.lejournalduforkane.com\/index.php\/wp-json\/wp\/v2\/types\/post"}],"author":[{"embeddable":true,"href":"https:\/\/www.lejournalduforkane.com\/index.php\/wp-json\/wp\/v2\/users\/2"}],"replies":[{"embeddable":true,"href":"https:\/\/www.lejournalduforkane.com\/index.php\/wp-json\/wp\/v2\/comments?post=14274"}],"version-history":[{"count":1,"href":"https:\/\/www.lejournalduforkane.com\/index.php\/wp-json\/wp\/v2\/posts\/14274\/revisions"}],"predecessor-version":[{"id":14276,"href":"https:\/\/www.lejournalduforkane.com\/index.php\/wp-json\/wp\/v2\/posts\/14274\/revisions\/14276"}],"wp:attachment":[{"href":"https:\/\/www.lejournalduforkane.com\/index.php\/wp-json\/wp\/v2\/media?parent=14274"}],"wp:term":[{"taxonomy":"category","embeddable":true,"href":"https:\/\/www.lejournalduforkane.com\/index.php\/wp-json\/wp\/v2\/categories?post=14274"},{"taxonomy":"post_tag","embeddable":true,"href":"https:\/\/www.lejournalduforkane.com\/index.php\/wp-json\/wp\/v2\/tags?post=14274"}],"curies":[{"name":"wp","href":"https:\/\/api.w.org\/{rel}","templated":true}]}}