
{"id":14280,"date":"2016-12-16T17:38:22","date_gmt":"2016-12-16T17:38:22","guid":{"rendered":"https:\/\/www.lejournalduforkane.com\/?p=14280"},"modified":"2016-12-16T17:39:34","modified_gmt":"2016-12-16T17:39:34","slug":"video-les-civils-dalep-des-grands-medias-sont-en-verite-des-blogueurs-et-des-journalistes1","status":"publish","type":"post","link":"https:\/\/www.lejournalduforkane.com\/index.php\/video-les-civils-dalep-des-grands-medias-sont-en-verite-des-blogueurs-et-des-journalistes1\/","title":{"rendered":"[Vid\u00e9o] | Les civils d\u2019Alep des grands m\u00e9dias sont en v\u00e9rit\u00e9 des blogueurs et des journalistes"},"content":{"rendered":"<p><!--more--><\/p>\n<div id=\"js_11\" class=\"_5pbx userContent\" data-ft=\"{&quot;tn&quot;:&quot;K&quot;}\">\n<p>Une simple recherche internet suffit pour v\u00e9rifier rapidement leur identit\u00e9.<\/p>\n<p><iframe loading=\"lazy\" src=\"https:\/\/www.youtube.com\/embed\/ga7ZCN_b7aw\" width=\"560\" height=\"315\" frameborder=\"0\" allowfullscreen=\"allowfullscreen\"><\/iframe><\/p>\n<p><img loading=\"lazy\" class=\"alignnone size-medium wp-image-14281\" src=\"https:\/\/www.lejournalduforkane.com\/wp-content\/uploads\/2016\/12\/Les-civils-d\u2019Alep-des-grands-m\u00e9dias-sont-en-v\u00e9rit\u00e9-des-blogueurs-et-des-journalistes-300x169.png\" alt=\"Les civils d\u2019Alep des grands m\u00e9dias sont en v\u00e9rit\u00e9 des blogueurs et des journalistes\" width=\"300\" height=\"169\" srcset=\"https:\/\/www.lejournalduforkane.com\/wp-content\/uploads\/2016\/12\/Les-civils-d\u2019Alep-des-grands-m\u00e9dias-sont-en-v\u00e9rit\u00e9-des-blogueurs-et-des-journalistes-300x169.png 300w, https:\/\/www.lejournalduforkane.com\/wp-content\/uploads\/2016\/12\/Les-civils-d\u2019Alep-des-grands-m\u00e9dias-sont-en-v\u00e9rit\u00e9-des-blogueurs-et-des-journalistes.png 642w\" sizes=\"(max-width: 300px) 100vw, 300px\" \/><\/p>\n<\/div>\n","protected":false},"excerpt":{"rendered":"Une simple recherche internet suffit pour v\u00e9rifier rapidement leur identit\u00e9.","protected":false},"author":2,"featured_media":0,"comment_status":"closed","ping_status":"open","sticky":false,"template":"","format":"standard","meta":[],"categories":[],"tags":[],"_links":{"self":[{"href":"https:\/\/www.lejournalduforkane.com\/index.php\/wp-json\/wp\/v2\/posts\/14280"}],"collection":[{"href":"https:\/\/www.lejournalduforkane.com\/index.php\/wp-json\/wp\/v2\/posts"}],"about":[{"href":"https:\/\/www.lejournalduforkane.com\/index.php\/wp-json\/wp\/v2\/types\/post"}],"author":[{"embeddable":true,"href":"https:\/\/www.lejournalduforkane.com\/index.php\/wp-json\/wp\/v2\/users\/2"}],"replies":[{"embeddable":true,"href":"https:\/\/www.lejournalduforkane.com\/index.php\/wp-json\/wp\/v2\/comments?post=14280"}],"version-history":[{"count":3,"href":"https:\/\/www.lejournalduforkane.com\/index.php\/wp-json\/wp\/v2\/posts\/14280\/revisions"}],"predecessor-version":[{"id":14284,"href":"https:\/\/www.lejournalduforkane.com\/index.php\/wp-json\/wp\/v2\/posts\/14280\/revisions\/14284"}],"wp:attachment":[{"href":"https:\/\/www.lejournalduforkane.com\/index.php\/wp-json\/wp\/v2\/media?parent=14280"}],"wp:term":[{"taxonomy":"category","embeddable":true,"href":"https:\/\/www.lejournalduforkane.com\/index.php\/wp-json\/wp\/v2\/categories?post=14280"},{"taxonomy":"post_tag","embeddable":true,"href":"https:\/\/www.lejournalduforkane.com\/index.php\/wp-json\/wp\/v2\/tags?post=14280"}],"curies":[{"name":"wp","href":"https:\/\/api.w.org\/{rel}","templated":true}]}}