
{"id":14299,"date":"2016-12-18T07:52:41","date_gmt":"2016-12-18T07:52:41","guid":{"rendered":"https:\/\/www.lejournalduforkane.com\/?p=14299"},"modified":"2016-12-18T07:52:41","modified_gmt":"2016-12-18T07:52:41","slug":"les-combattants-de-la-mobilisation-populaire-ont-annonces-la-liberation-de-plus-de-45-zones-dans-le-centre-ouest-de-la-ville","status":"publish","type":"post","link":"https:\/\/www.lejournalduforkane.com\/index.php\/les-combattants-de-la-mobilisation-populaire-ont-annonces-la-liberation-de-plus-de-45-zones-dans-le-centre-ouest-de-la-ville\/","title":{"rendered":"Les combattants de la Mobilisation Populaire ont annonc\u00e9s la lib\u00e9ration de plus de 45 zones dans le centre ouest de la ville"},"content":{"rendered":"<p><!--more--><\/p>\n<p style=\"text-align: justify;\">Les forces irakiennes conjointes ont annonc\u00e9es la mort de dizaines de terroristes au cours d&rsquo;une tentative d&rsquo;infiltration qui a \u00e9t\u00e9 d\u00e9jou\u00e9e sur diff\u00e9rents axes des op\u00e9rations de combat dans la ville de Mossoul.<\/p>\n<p style=\"text-align: justify;\">Les combattants de la Mobilisation Populaire ont annonc\u00e9s la lib\u00e9ration de plus de 45 zones dans le centre ouest de la ville.<\/p>\n<p><iframe loading=\"lazy\" src=\"https:\/\/www.youtube.com\/embed\/yZSdBAj5JvQ\" width=\"560\" height=\"315\" frameborder=\"0\" allowfullscreen=\"allowfullscreen\"><\/iframe><\/p>\n","protected":false},"excerpt":{"rendered":"Les forces irakiennes conjointes ont annonc\u00e9es la mort de dizaines de terroristes au cours d'une tentative d'infiltration qui a \u00e9t\u00e9 d\u00e9jou\u00e9e sur diff\u00e9rents axes des op\u00e9rations de combat dans la","protected":false},"author":2,"featured_media":0,"comment_status":"closed","ping_status":"open","sticky":false,"template":"","format":"standard","meta":[],"categories":[],"tags":[],"_links":{"self":[{"href":"https:\/\/www.lejournalduforkane.com\/index.php\/wp-json\/wp\/v2\/posts\/14299"}],"collection":[{"href":"https:\/\/www.lejournalduforkane.com\/index.php\/wp-json\/wp\/v2\/posts"}],"about":[{"href":"https:\/\/www.lejournalduforkane.com\/index.php\/wp-json\/wp\/v2\/types\/post"}],"author":[{"embeddable":true,"href":"https:\/\/www.lejournalduforkane.com\/index.php\/wp-json\/wp\/v2\/users\/2"}],"replies":[{"embeddable":true,"href":"https:\/\/www.lejournalduforkane.com\/index.php\/wp-json\/wp\/v2\/comments?post=14299"}],"version-history":[{"count":1,"href":"https:\/\/www.lejournalduforkane.com\/index.php\/wp-json\/wp\/v2\/posts\/14299\/revisions"}],"predecessor-version":[{"id":14301,"href":"https:\/\/www.lejournalduforkane.com\/index.php\/wp-json\/wp\/v2\/posts\/14299\/revisions\/14301"}],"wp:attachment":[{"href":"https:\/\/www.lejournalduforkane.com\/index.php\/wp-json\/wp\/v2\/media?parent=14299"}],"wp:term":[{"taxonomy":"category","embeddable":true,"href":"https:\/\/www.lejournalduforkane.com\/index.php\/wp-json\/wp\/v2\/categories?post=14299"},{"taxonomy":"post_tag","embeddable":true,"href":"https:\/\/www.lejournalduforkane.com\/index.php\/wp-json\/wp\/v2\/tags?post=14299"}],"curies":[{"name":"wp","href":"https:\/\/api.w.org\/{rel}","templated":true}]}}