
{"id":14324,"date":"2016-12-18T19:49:42","date_gmt":"2016-12-18T19:49:42","guid":{"rendered":"https:\/\/www.lejournalduforkane.com\/?p=14324"},"modified":"2016-12-18T19:56:45","modified_gmt":"2016-12-18T19:56:45","slug":"lun-des-dirigeants-de-lopposition-syrienne-revele-leur-revolution-sanglante","status":"publish","type":"post","link":"https:\/\/www.lejournalduforkane.com\/index.php\/lun-des-dirigeants-de-lopposition-syrienne-revele-leur-revolution-sanglante\/","title":{"rendered":"L&rsquo;un des dirigeants de l&rsquo;opposition syrienne r\u00e9v\u00e8le leur r\u00e9volution sanglante"},"content":{"rendered":"<p>Vid\u00e9o choc : L&rsquo;un des dirigeants de l&rsquo;opposition syrienne r\u00e9v\u00e8le leur r\u00e9volution sanglante : \u00ab\u00a0On a d\u00e9truit Alep et on a tu\u00e9 des syriens plus que ce qu&rsquo;\u00e0 tu\u00e9 le r\u00e9gime&#8230;\u00a0\u00bb<\/p>\n<p><iframe loading=\"lazy\" src=\"https:\/\/www.youtube.com\/embed\/UcnGwRfyFsw\" width=\"560\" height=\"315\" frameborder=\"0\" allowfullscreen=\"allowfullscreen\"><\/iframe><\/p>\n","protected":false},"excerpt":{"rendered":"<p>Vid\u00e9o choc : L&rsquo;un des dirigeants de l&rsquo;opposition syrienne r\u00e9v\u00e8le leur r\u00e9volution sanglante : \u00ab\u00a0On a d\u00e9truit Alep et on a tu\u00e9 des syriens plus que ce qu&rsquo;\u00e0 tu\u00e9 le<\/p>\n","protected":false},"author":2,"featured_media":0,"comment_status":"closed","ping_status":"open","sticky":false,"template":"","format":"standard","meta":[],"categories":[],"tags":[],"_links":{"self":[{"href":"https:\/\/www.lejournalduforkane.com\/index.php\/wp-json\/wp\/v2\/posts\/14324"}],"collection":[{"href":"https:\/\/www.lejournalduforkane.com\/index.php\/wp-json\/wp\/v2\/posts"}],"about":[{"href":"https:\/\/www.lejournalduforkane.com\/index.php\/wp-json\/wp\/v2\/types\/post"}],"author":[{"embeddable":true,"href":"https:\/\/www.lejournalduforkane.com\/index.php\/wp-json\/wp\/v2\/users\/2"}],"replies":[{"embeddable":true,"href":"https:\/\/www.lejournalduforkane.com\/index.php\/wp-json\/wp\/v2\/comments?post=14324"}],"version-history":[{"count":1,"href":"https:\/\/www.lejournalduforkane.com\/index.php\/wp-json\/wp\/v2\/posts\/14324\/revisions"}],"predecessor-version":[{"id":14326,"href":"https:\/\/www.lejournalduforkane.com\/index.php\/wp-json\/wp\/v2\/posts\/14324\/revisions\/14326"}],"wp:attachment":[{"href":"https:\/\/www.lejournalduforkane.com\/index.php\/wp-json\/wp\/v2\/media?parent=14324"}],"wp:term":[{"taxonomy":"category","embeddable":true,"href":"https:\/\/www.lejournalduforkane.com\/index.php\/wp-json\/wp\/v2\/categories?post=14324"},{"taxonomy":"post_tag","embeddable":true,"href":"https:\/\/www.lejournalduforkane.com\/index.php\/wp-json\/wp\/v2\/tags?post=14324"}],"curies":[{"name":"wp","href":"https:\/\/api.w.org\/{rel}","templated":true}]}}