
{"id":14352,"date":"2016-12-20T19:13:32","date_gmt":"2016-12-20T19:13:32","guid":{"rendered":"https:\/\/www.lejournalduforkane.com\/?p=14352"},"modified":"2016-12-20T19:13:32","modified_gmt":"2016-12-20T19:13:32","slug":"video-un-journaliste-tacle-la-diplomatie-americaine-sur-la-question-syrienne-vous-netes-arrives-a-rien","status":"publish","type":"post","link":"https:\/\/www.lejournalduforkane.com\/index.php\/video-un-journaliste-tacle-la-diplomatie-americaine-sur-la-question-syrienne-vous-netes-arrives-a-rien\/","title":{"rendered":"[Vid\u00e9o] | Un journaliste tacle la diplomatie am\u00e9ricaine sur la question syrienne : \u00ab Vous n&rsquo;\u00eates arriv\u00e9s \u00e0 rien !!! \u00bb"},"content":{"rendered":"<p style=\"text-align: justify;\"><!--more-->Bradley Klapper, un journaliste de l&rsquo;Associated Press, n&rsquo;y est pas all\u00e9 quatre chemins pour interroger le porte-parole du D\u00e9partement d&rsquo;Etat am\u00e9ricain John Kirby sur les progr\u00e8s r\u00e9alis\u00e9s par les Am\u00e9ricains en Syrie<\/p>\n<p><iframe loading=\"lazy\" src=\"https:\/\/www.youtube.com\/embed\/rs5v24SZprQ\" width=\"560\" height=\"315\" frameborder=\"0\" allowfullscreen=\"allowfullscreen\"><\/iframe><\/p>\n","protected":false},"excerpt":{"rendered":"Bradley Klapper, un journaliste de l'Associated Press, n'y est pas all\u00e9 quatre chemins pour interroger le porte-parole du D\u00e9partement d'Etat am\u00e9ricain John Kirby sur les progr\u00e8s r\u00e9alis\u00e9s par les Am\u00e9ricains","protected":false},"author":2,"featured_media":0,"comment_status":"closed","ping_status":"open","sticky":false,"template":"","format":"standard","meta":[],"categories":[],"tags":[],"_links":{"self":[{"href":"https:\/\/www.lejournalduforkane.com\/index.php\/wp-json\/wp\/v2\/posts\/14352"}],"collection":[{"href":"https:\/\/www.lejournalduforkane.com\/index.php\/wp-json\/wp\/v2\/posts"}],"about":[{"href":"https:\/\/www.lejournalduforkane.com\/index.php\/wp-json\/wp\/v2\/types\/post"}],"author":[{"embeddable":true,"href":"https:\/\/www.lejournalduforkane.com\/index.php\/wp-json\/wp\/v2\/users\/2"}],"replies":[{"embeddable":true,"href":"https:\/\/www.lejournalduforkane.com\/index.php\/wp-json\/wp\/v2\/comments?post=14352"}],"version-history":[{"count":1,"href":"https:\/\/www.lejournalduforkane.com\/index.php\/wp-json\/wp\/v2\/posts\/14352\/revisions"}],"predecessor-version":[{"id":14354,"href":"https:\/\/www.lejournalduforkane.com\/index.php\/wp-json\/wp\/v2\/posts\/14352\/revisions\/14354"}],"wp:attachment":[{"href":"https:\/\/www.lejournalduforkane.com\/index.php\/wp-json\/wp\/v2\/media?parent=14352"}],"wp:term":[{"taxonomy":"category","embeddable":true,"href":"https:\/\/www.lejournalduforkane.com\/index.php\/wp-json\/wp\/v2\/categories?post=14352"},{"taxonomy":"post_tag","embeddable":true,"href":"https:\/\/www.lejournalduforkane.com\/index.php\/wp-json\/wp\/v2\/tags?post=14352"}],"curies":[{"name":"wp","href":"https:\/\/api.w.org\/{rel}","templated":true}]}}