
{"id":14370,"date":"2016-12-20T20:19:17","date_gmt":"2016-12-20T20:19:17","guid":{"rendered":"https:\/\/www.lejournalduforkane.com\/?p=14370"},"modified":"2019-01-27T19:50:52","modified_gmt":"2019-01-27T19:50:52","slug":"lalgerie-soutient-la-syrie-de-bachar-al-assad","status":"publish","type":"post","link":"https:\/\/www.lejournalduforkane.com\/index.php\/lalgerie-soutient-la-syrie-de-bachar-al-assad\/","title":{"rendered":"L&rsquo;Alg\u00e9rie soutient la Syrie de Bachar Al Assad"},"content":{"rendered":"<p><!--more--><br \/>\nC&rsquo;est le ministre des Affaires \u00e9trang\u00e8res alg\u00e9rien, Ramdane Lamamra qui le dit aux journalistes : \u00a0\u00bb Le gouvernement syrien a su triompher du terrorisme \u00e0 Alep et r\u00e9tablir sa souverainet\u00e9 dans cette ville. \u00a0\u00bb<\/p>\n<p>Le Ministre a r\u00e9agi \u00e0 un article paru dans un quotidien belge qui expliquait que l&rsquo;Alg\u00e9rie pourrait conna\u00eetre le m\u00eame sort qu&rsquo;Alep dans les prochaines ann\u00e9es. M. Lamamra a r\u00e9pondu : \u00abCeux qui alimentent ces opinions sont les m\u00eames personnes qui comptaient sur la victoire du terrorisme \u00e0 Alep et ailleurs, mais le terrorisme est vaincu\u00bb, s&rsquo;est-il f\u00e9licit\u00e9. \u00abCe terrorisme conna\u00eetra le m\u00eame sort en Alg\u00e9rie\u00bb, a-t-il promis.<\/p>\n<p><iframe loading=\"lazy\" src=\"https:\/\/www.youtube.com\/embed\/-mOjhkczKQE\" width=\"560\" height=\"315\" frameborder=\"0\" allowfullscreen=\"allowfullscreen\"><\/iframe><\/p>\n","protected":false},"excerpt":{"rendered":"C'est le ministre des Affaires \u00e9trang\u00e8res alg\u00e9rien, Ramdane Lamamra qui le dit aux journalistes : \" Le gouvernement syrien a su triompher du terrorisme \u00e0 Alep et r\u00e9tablir sa souverainet\u00e9","protected":false},"author":2,"featured_media":0,"comment_status":"closed","ping_status":"open","sticky":false,"template":"","format":"standard","meta":[],"categories":[],"tags":[],"_links":{"self":[{"href":"https:\/\/www.lejournalduforkane.com\/index.php\/wp-json\/wp\/v2\/posts\/14370"}],"collection":[{"href":"https:\/\/www.lejournalduforkane.com\/index.php\/wp-json\/wp\/v2\/posts"}],"about":[{"href":"https:\/\/www.lejournalduforkane.com\/index.php\/wp-json\/wp\/v2\/types\/post"}],"author":[{"embeddable":true,"href":"https:\/\/www.lejournalduforkane.com\/index.php\/wp-json\/wp\/v2\/users\/2"}],"replies":[{"embeddable":true,"href":"https:\/\/www.lejournalduforkane.com\/index.php\/wp-json\/wp\/v2\/comments?post=14370"}],"version-history":[{"count":1,"href":"https:\/\/www.lejournalduforkane.com\/index.php\/wp-json\/wp\/v2\/posts\/14370\/revisions"}],"predecessor-version":[{"id":14373,"href":"https:\/\/www.lejournalduforkane.com\/index.php\/wp-json\/wp\/v2\/posts\/14370\/revisions\/14373"}],"wp:attachment":[{"href":"https:\/\/www.lejournalduforkane.com\/index.php\/wp-json\/wp\/v2\/media?parent=14370"}],"wp:term":[{"taxonomy":"category","embeddable":true,"href":"https:\/\/www.lejournalduforkane.com\/index.php\/wp-json\/wp\/v2\/categories?post=14370"},{"taxonomy":"post_tag","embeddable":true,"href":"https:\/\/www.lejournalduforkane.com\/index.php\/wp-json\/wp\/v2\/tags?post=14370"}],"curies":[{"name":"wp","href":"https:\/\/api.w.org\/{rel}","templated":true}]}}