
{"id":14374,"date":"2016-12-21T20:03:54","date_gmt":"2016-12-21T20:03:54","guid":{"rendered":"https:\/\/www.lejournalduforkane.com\/?p=14374"},"modified":"2016-12-21T20:03:54","modified_gmt":"2016-12-21T20:03:54","slug":"video-une-deputee-americaine-accuse-son-gouvernement-de-soutenir-les-groupes-terroristes-salafistes-daesh-et-al-qaida","status":"publish","type":"post","link":"https:\/\/www.lejournalduforkane.com\/index.php\/video-une-deputee-americaine-accuse-son-gouvernement-de-soutenir-les-groupes-terroristes-salafistes-daesh-et-al-qaida\/","title":{"rendered":"[Vid\u00e9o] | Une D\u00e9put\u00e9e am\u00e9ricaine accuse son gouvernement de soutenir les groupes terroristes salafistes DAESH et Al Qaida !!"},"content":{"rendered":"<p><!--more--><\/p>\n<div id=\"js_lr\" class=\"_5pbx userContent\" data-ft=\"{&quot;tn&quot;:&quot;K&quot;}\">\n<p><strong>VIDEO A VOIR ET A PARTAGER<\/strong><\/p>\n<\/div>\n<p><iframe loading=\"lazy\" src=\"https:\/\/www.youtube.com\/embed\/5FPx2hPe-M0\" width=\"560\" height=\"315\" frameborder=\"0\" allowfullscreen=\"allowfullscreen\"><\/iframe><\/p>\n","protected":false},"excerpt":{"rendered":"VIDEO A VOIR ET A PARTAGER","protected":false},"author":2,"featured_media":0,"comment_status":"closed","ping_status":"open","sticky":false,"template":"","format":"standard","meta":[],"categories":[],"tags":[],"_links":{"self":[{"href":"https:\/\/www.lejournalduforkane.com\/index.php\/wp-json\/wp\/v2\/posts\/14374"}],"collection":[{"href":"https:\/\/www.lejournalduforkane.com\/index.php\/wp-json\/wp\/v2\/posts"}],"about":[{"href":"https:\/\/www.lejournalduforkane.com\/index.php\/wp-json\/wp\/v2\/types\/post"}],"author":[{"embeddable":true,"href":"https:\/\/www.lejournalduforkane.com\/index.php\/wp-json\/wp\/v2\/users\/2"}],"replies":[{"embeddable":true,"href":"https:\/\/www.lejournalduforkane.com\/index.php\/wp-json\/wp\/v2\/comments?post=14374"}],"version-history":[{"count":1,"href":"https:\/\/www.lejournalduforkane.com\/index.php\/wp-json\/wp\/v2\/posts\/14374\/revisions"}],"predecessor-version":[{"id":14376,"href":"https:\/\/www.lejournalduforkane.com\/index.php\/wp-json\/wp\/v2\/posts\/14374\/revisions\/14376"}],"wp:attachment":[{"href":"https:\/\/www.lejournalduforkane.com\/index.php\/wp-json\/wp\/v2\/media?parent=14374"}],"wp:term":[{"taxonomy":"category","embeddable":true,"href":"https:\/\/www.lejournalduforkane.com\/index.php\/wp-json\/wp\/v2\/categories?post=14374"},{"taxonomy":"post_tag","embeddable":true,"href":"https:\/\/www.lejournalduforkane.com\/index.php\/wp-json\/wp\/v2\/tags?post=14374"}],"curies":[{"name":"wp","href":"https:\/\/api.w.org\/{rel}","templated":true}]}}