
{"id":14385,"date":"2016-12-22T16:31:16","date_gmt":"2016-12-22T16:31:16","guid":{"rendered":"https:\/\/www.lejournalduforkane.com\/?p=14385"},"modified":"2016-12-22T19:45:25","modified_gmt":"2016-12-22T19:45:25","slug":"un-terroriste-salafiste-explique-a-ses-deux-filles-comment-realiser-une-attaque-suicide","status":"publish","type":"post","link":"https:\/\/www.lejournalduforkane.com\/index.php\/un-terroriste-salafiste-explique-a-ses-deux-filles-comment-realiser-une-attaque-suicide\/","title":{"rendered":"Un terroriste salafiste explique \u00e0 ses deux filles comment r\u00e9aliser une attaque suicide"},"content":{"rendered":"<p>Dans cette vid\u00e9o choquante, le terroriste donne une le\u00e7on \u00e0 ses deux fillettes, \u00e2g\u00e9s de 7 et 9 ans, sur comment effectuer des attaques suicides \u00e0 la bombe.<\/p>\n<p>Le jour m\u00eame, l\u2019enfant de 7 ans s\u2019est fait exploser pr\u00e8s d\u2019un commissariat de police \u00e0 Damas !!!<\/p>\n<div class=\"text_exposed_show\">\n<p>Jamais nous n\u2019avions eu cela. Cela est contraire aux enseignements de Dieu et de son grand Proph\u00e8te (P). Ces salafistes wahhabites nous auront tout fait, m\u00eame l\u2019utilisation d\u2019enfants pour commettre des attentats !<\/p>\n<p>D\u2019O\u00d9 LEUR VIENNENT CES ID\u00c9ES DIABOLIQUES ? DE L\u2019ESPRIT MALSAIN DE SIONISTES QUI CHERCHENT A FAIRE ENTRER LES PAYS MUSULMANS, CHAQUE JOURS QUE DIEU FAIT, DANS UNE HORREUR TOUJOURS PLUS GRANDE\u2026SOYEZ MAUDITS\u2026 MORT AUX SALAFISTES\u2026<\/p>\n<\/div>\n<p>&nbsp;<\/p>\n<p><iframe loading=\"lazy\" src=\"https:\/\/www.youtube.com\/embed\/ZZl7JuXoJks\" width=\"560\" height=\"315\" frameborder=\"0\" allowfullscreen=\"allowfullscreen\"><\/iframe><\/p>\n","protected":false},"excerpt":{"rendered":"<p>Dans cette vid\u00e9o choquante, le terroriste donne une le\u00e7on \u00e0 ses deux fillettes, \u00e2g\u00e9s de 7 et 9 ans, sur comment effectuer des attaques suicides \u00e0 la bombe. Le jour<\/p>\n","protected":false},"author":2,"featured_media":0,"comment_status":"closed","ping_status":"open","sticky":false,"template":"","format":"standard","meta":[],"categories":[],"tags":[],"_links":{"self":[{"href":"https:\/\/www.lejournalduforkane.com\/index.php\/wp-json\/wp\/v2\/posts\/14385"}],"collection":[{"href":"https:\/\/www.lejournalduforkane.com\/index.php\/wp-json\/wp\/v2\/posts"}],"about":[{"href":"https:\/\/www.lejournalduforkane.com\/index.php\/wp-json\/wp\/v2\/types\/post"}],"author":[{"embeddable":true,"href":"https:\/\/www.lejournalduforkane.com\/index.php\/wp-json\/wp\/v2\/users\/2"}],"replies":[{"embeddable":true,"href":"https:\/\/www.lejournalduforkane.com\/index.php\/wp-json\/wp\/v2\/comments?post=14385"}],"version-history":[{"count":2,"href":"https:\/\/www.lejournalduforkane.com\/index.php\/wp-json\/wp\/v2\/posts\/14385\/revisions"}],"predecessor-version":[{"id":14388,"href":"https:\/\/www.lejournalduforkane.com\/index.php\/wp-json\/wp\/v2\/posts\/14385\/revisions\/14388"}],"wp:attachment":[{"href":"https:\/\/www.lejournalduforkane.com\/index.php\/wp-json\/wp\/v2\/media?parent=14385"}],"wp:term":[{"taxonomy":"category","embeddable":true,"href":"https:\/\/www.lejournalduforkane.com\/index.php\/wp-json\/wp\/v2\/categories?post=14385"},{"taxonomy":"post_tag","embeddable":true,"href":"https:\/\/www.lejournalduforkane.com\/index.php\/wp-json\/wp\/v2\/tags?post=14385"}],"curies":[{"name":"wp","href":"https:\/\/api.w.org\/{rel}","templated":true}]}}