
{"id":14396,"date":"2016-12-22T19:41:42","date_gmt":"2016-12-22T19:41:42","guid":{"rendered":"https:\/\/www.lejournalduforkane.com\/?p=14396"},"modified":"2016-12-22T19:41:42","modified_gmt":"2016-12-22T19:41:42","slug":"video-les-habitants-dalep-adresse-un-message-a-hillary-clinton","status":"publish","type":"post","link":"https:\/\/www.lejournalduforkane.com\/index.php\/video-les-habitants-dalep-adresse-un-message-a-hillary-clinton\/","title":{"rendered":"[Vid\u00e9o] | Les habitants d&rsquo;Alep adresse un message \u00e0 Hillary Clinton"},"content":{"rendered":"<p>Sur cette vid\u00e9o, on entend les Al\u00e9pins scander : \u00ab\u00a0Allah, la Syrie et Bachar\u00a0\u00bb puis : \u00ab\u00a0Clinton, esp\u00e8ce de vache, laisse-nous tranquille !\u00a0\u00bb<br \/>\n<iframe loading=\"lazy\" src=\"https:\/\/www.youtube.com\/embed\/R2A9_JNzi60\" width=\"560\" height=\"315\" frameborder=\"0\" allowfullscreen=\"allowfullscreen\"><\/iframe><\/p>\n","protected":false},"excerpt":{"rendered":"<p>Sur cette vid\u00e9o, on entend les Al\u00e9pins scander : \u00ab\u00a0Allah, la Syrie et Bachar\u00a0\u00bb puis : \u00ab\u00a0Clinton, esp\u00e8ce de vache, laisse-nous tranquille !\u00a0\u00bb<\/p>\n","protected":false},"author":2,"featured_media":0,"comment_status":"closed","ping_status":"open","sticky":false,"template":"","format":"standard","meta":[],"categories":[],"tags":[],"_links":{"self":[{"href":"https:\/\/www.lejournalduforkane.com\/index.php\/wp-json\/wp\/v2\/posts\/14396"}],"collection":[{"href":"https:\/\/www.lejournalduforkane.com\/index.php\/wp-json\/wp\/v2\/posts"}],"about":[{"href":"https:\/\/www.lejournalduforkane.com\/index.php\/wp-json\/wp\/v2\/types\/post"}],"author":[{"embeddable":true,"href":"https:\/\/www.lejournalduforkane.com\/index.php\/wp-json\/wp\/v2\/users\/2"}],"replies":[{"embeddable":true,"href":"https:\/\/www.lejournalduforkane.com\/index.php\/wp-json\/wp\/v2\/comments?post=14396"}],"version-history":[{"count":1,"href":"https:\/\/www.lejournalduforkane.com\/index.php\/wp-json\/wp\/v2\/posts\/14396\/revisions"}],"predecessor-version":[{"id":14400,"href":"https:\/\/www.lejournalduforkane.com\/index.php\/wp-json\/wp\/v2\/posts\/14396\/revisions\/14400"}],"wp:attachment":[{"href":"https:\/\/www.lejournalduforkane.com\/index.php\/wp-json\/wp\/v2\/media?parent=14396"}],"wp:term":[{"taxonomy":"category","embeddable":true,"href":"https:\/\/www.lejournalduforkane.com\/index.php\/wp-json\/wp\/v2\/categories?post=14396"},{"taxonomy":"post_tag","embeddable":true,"href":"https:\/\/www.lejournalduforkane.com\/index.php\/wp-json\/wp\/v2\/tags?post=14396"}],"curies":[{"name":"wp","href":"https:\/\/api.w.org\/{rel}","templated":true}]}}