
{"id":14401,"date":"2016-12-23T19:27:54","date_gmt":"2016-12-23T19:27:54","guid":{"rendered":"https:\/\/www.lejournalduforkane.com\/?p=14401"},"modified":"2016-12-23T19:27:54","modified_gmt":"2016-12-23T19:27:54","slug":"70-soldats-et-un-mercenaire-saoudiens-tombent-au-yemen","status":"publish","type":"post","link":"https:\/\/www.lejournalduforkane.com\/index.php\/70-soldats-et-un-mercenaire-saoudiens-tombent-au-yemen\/","title":{"rendered":"70 soldats et un mercenaire Saoudiens tombent au Y\u00e9men"},"content":{"rendered":"<p><!--more--><\/p>\n<p>L&rsquo;arm\u00e9e y\u00e9m\u00e9nite et les comit\u00e9s populaires ont abattus 70 soldats et un mercenaire Saoudiens \u00e0 Najran et Jizan.<\/p>\n<p>Regardez la vid\u00e9o &#8230;<br \/>\n<iframe loading=\"lazy\" src=\"https:\/\/www.youtube.com\/embed\/oxkfVO7n4Vs\" width=\"560\" height=\"315\" frameborder=\"0\" allowfullscreen=\"allowfullscreen\"><\/iframe><\/p>\n","protected":false},"excerpt":{"rendered":"L'arm\u00e9e y\u00e9m\u00e9nite et les comit\u00e9s populaires ont abattus 70 soldats et un mercenaire Saoudiens \u00e0 Najran et Jizan. Regardez la vid\u00e9o ...","protected":false},"author":2,"featured_media":0,"comment_status":"closed","ping_status":"open","sticky":false,"template":"","format":"standard","meta":[],"categories":[],"tags":[],"_links":{"self":[{"href":"https:\/\/www.lejournalduforkane.com\/index.php\/wp-json\/wp\/v2\/posts\/14401"}],"collection":[{"href":"https:\/\/www.lejournalduforkane.com\/index.php\/wp-json\/wp\/v2\/posts"}],"about":[{"href":"https:\/\/www.lejournalduforkane.com\/index.php\/wp-json\/wp\/v2\/types\/post"}],"author":[{"embeddable":true,"href":"https:\/\/www.lejournalduforkane.com\/index.php\/wp-json\/wp\/v2\/users\/2"}],"replies":[{"embeddable":true,"href":"https:\/\/www.lejournalduforkane.com\/index.php\/wp-json\/wp\/v2\/comments?post=14401"}],"version-history":[{"count":1,"href":"https:\/\/www.lejournalduforkane.com\/index.php\/wp-json\/wp\/v2\/posts\/14401\/revisions"}],"predecessor-version":[{"id":14404,"href":"https:\/\/www.lejournalduforkane.com\/index.php\/wp-json\/wp\/v2\/posts\/14401\/revisions\/14404"}],"wp:attachment":[{"href":"https:\/\/www.lejournalduforkane.com\/index.php\/wp-json\/wp\/v2\/media?parent=14401"}],"wp:term":[{"taxonomy":"category","embeddable":true,"href":"https:\/\/www.lejournalduforkane.com\/index.php\/wp-json\/wp\/v2\/categories?post=14401"},{"taxonomy":"post_tag","embeddable":true,"href":"https:\/\/www.lejournalduforkane.com\/index.php\/wp-json\/wp\/v2\/tags?post=14401"}],"curies":[{"name":"wp","href":"https:\/\/api.w.org\/{rel}","templated":true}]}}