
{"id":14407,"date":"2016-12-23T19:40:22","date_gmt":"2016-12-23T19:40:22","guid":{"rendered":"https:\/\/www.lejournalduforkane.com\/?p=14407"},"modified":"2016-12-23T19:40:22","modified_gmt":"2016-12-23T19:40:22","slug":"les-habitants-dalep-sont-descendu-spontanement-dans-les-rues","status":"publish","type":"post","link":"https:\/\/www.lejournalduforkane.com\/index.php\/les-habitants-dalep-sont-descendu-spontanement-dans-les-rues\/","title":{"rendered":"Les habitants d&rsquo;Alep sont descendu spontan\u00e9ment dans les rues"},"content":{"rendered":"<p><!--more--><\/p>\n<div id=\"js_hc\" class=\"_5pbx userContent\" data-ft=\"{&quot;tn&quot;:&quot;K&quot;}\">\n<p style=\"text-align: justify;\">Les habitants d&rsquo;Alep sont descendu spontan\u00e9ment dans les rues et les places de la ville pour c\u00e9l\u00e9brer la lib\u00e9ration totale de l&#8217;emprise des terroristes.<\/p>\n<p style=\"text-align: justify;\">Les Aleppins se sont rassembl\u00e9s sur les places exprimant leur joie sur les exploits de l&rsquo;Arm\u00e9e Arabe Syrienne et ses alli\u00e9s dans l&rsquo;\u00e9limination des terroristes dans toute la ville d&rsquo;Alep.<\/p>\n<p style=\"text-align: justify;\">Regardez la vid\u00e9o &#8230;.<\/p>\n<\/div>\n<p><iframe loading=\"lazy\" src=\"https:\/\/www.youtube.com\/embed\/27J-o7Jd-hw\" width=\"560\" height=\"315\" frameborder=\"0\" allowfullscreen=\"allowfullscreen\"><\/iframe><\/p>\n","protected":false},"excerpt":{"rendered":"Les habitants d'Alep sont descendu spontan\u00e9ment dans les rues et les places de la ville pour c\u00e9l\u00e9brer la lib\u00e9ration totale de l'emprise des terroristes. Les Aleppins se sont rassembl\u00e9s sur","protected":false},"author":2,"featured_media":0,"comment_status":"closed","ping_status":"open","sticky":false,"template":"","format":"standard","meta":[],"categories":[],"tags":[],"_links":{"self":[{"href":"https:\/\/www.lejournalduforkane.com\/index.php\/wp-json\/wp\/v2\/posts\/14407"}],"collection":[{"href":"https:\/\/www.lejournalduforkane.com\/index.php\/wp-json\/wp\/v2\/posts"}],"about":[{"href":"https:\/\/www.lejournalduforkane.com\/index.php\/wp-json\/wp\/v2\/types\/post"}],"author":[{"embeddable":true,"href":"https:\/\/www.lejournalduforkane.com\/index.php\/wp-json\/wp\/v2\/users\/2"}],"replies":[{"embeddable":true,"href":"https:\/\/www.lejournalduforkane.com\/index.php\/wp-json\/wp\/v2\/comments?post=14407"}],"version-history":[{"count":1,"href":"https:\/\/www.lejournalduforkane.com\/index.php\/wp-json\/wp\/v2\/posts\/14407\/revisions"}],"predecessor-version":[{"id":14409,"href":"https:\/\/www.lejournalduforkane.com\/index.php\/wp-json\/wp\/v2\/posts\/14407\/revisions\/14409"}],"wp:attachment":[{"href":"https:\/\/www.lejournalduforkane.com\/index.php\/wp-json\/wp\/v2\/media?parent=14407"}],"wp:term":[{"taxonomy":"category","embeddable":true,"href":"https:\/\/www.lejournalduforkane.com\/index.php\/wp-json\/wp\/v2\/categories?post=14407"},{"taxonomy":"post_tag","embeddable":true,"href":"https:\/\/www.lejournalduforkane.com\/index.php\/wp-json\/wp\/v2\/tags?post=14407"}],"curies":[{"name":"wp","href":"https:\/\/api.w.org\/{rel}","templated":true}]}}