
{"id":14418,"date":"2016-12-25T14:39:50","date_gmt":"2016-12-25T14:39:50","guid":{"rendered":"https:\/\/www.lejournalduforkane.com\/?p=14418"},"modified":"2016-12-25T14:39:50","modified_gmt":"2016-12-25T14:39:50","slug":"video-choc-les-forces-de-securite-israeliennes-attaquent-sans-raison-des-manifestants-palestiniens","status":"publish","type":"post","link":"https:\/\/www.lejournalduforkane.com\/index.php\/video-choc-les-forces-de-securite-israeliennes-attaquent-sans-raison-des-manifestants-palestiniens\/","title":{"rendered":"VID\u00c9O CHOC : Les forces de s\u00e9curit\u00e9 isra\u00e9liennes attaquent sans raison des manifestants palestiniens"},"content":{"rendered":"<p style=\"text-align: justify;\"><!--more--><\/p>\n<div id=\"js_df\" class=\"_5pbx userContent\" data-ft=\"{&quot;tn&quot;:&quot;K&quot;}\">\n<p style=\"text-align: justify;\">A VOIR, VID\u00c9O CHOC : Les forces de s\u00e9curit\u00e9 isra\u00e9liennes attaquent sans raison des manifestants palestiniens. Pendant que l&rsquo;ONU vote contre la colonisation isra\u00e9lienne, l&rsquo;Arm\u00e9e la plus l\u00e2che du monde s&rsquo;en prend \u00e0 des manifestants pacifiques d\u00e9guis\u00e9s en p\u00e8re No\u00ebl.<\/p>\n<p style=\"text-align: justify;\">VIVE LA R\u00c9SISTANCE PALESTINIENNE.<\/p>\n<\/div>\n<p><iframe loading=\"lazy\" src=\"https:\/\/www.youtube.com\/embed\/yuOdpvKK26Y\" width=\"560\" height=\"315\" frameborder=\"0\" allowfullscreen=\"allowfullscreen\"><\/iframe><\/p>\n","protected":false},"excerpt":{"rendered":"A VOIR, VID\u00c9O CHOC : Les forces de s\u00e9curit\u00e9 isra\u00e9liennes attaquent sans raison des manifestants palestiniens. Pendant que l'ONU vote contre la colonisation isra\u00e9lienne, l'Arm\u00e9e la plus l\u00e2che du monde","protected":false},"author":2,"featured_media":0,"comment_status":"closed","ping_status":"open","sticky":false,"template":"","format":"standard","meta":[],"categories":[],"tags":[],"_links":{"self":[{"href":"https:\/\/www.lejournalduforkane.com\/index.php\/wp-json\/wp\/v2\/posts\/14418"}],"collection":[{"href":"https:\/\/www.lejournalduforkane.com\/index.php\/wp-json\/wp\/v2\/posts"}],"about":[{"href":"https:\/\/www.lejournalduforkane.com\/index.php\/wp-json\/wp\/v2\/types\/post"}],"author":[{"embeddable":true,"href":"https:\/\/www.lejournalduforkane.com\/index.php\/wp-json\/wp\/v2\/users\/2"}],"replies":[{"embeddable":true,"href":"https:\/\/www.lejournalduforkane.com\/index.php\/wp-json\/wp\/v2\/comments?post=14418"}],"version-history":[{"count":1,"href":"https:\/\/www.lejournalduforkane.com\/index.php\/wp-json\/wp\/v2\/posts\/14418\/revisions"}],"predecessor-version":[{"id":14420,"href":"https:\/\/www.lejournalduforkane.com\/index.php\/wp-json\/wp\/v2\/posts\/14418\/revisions\/14420"}],"wp:attachment":[{"href":"https:\/\/www.lejournalduforkane.com\/index.php\/wp-json\/wp\/v2\/media?parent=14418"}],"wp:term":[{"taxonomy":"category","embeddable":true,"href":"https:\/\/www.lejournalduforkane.com\/index.php\/wp-json\/wp\/v2\/categories?post=14418"},{"taxonomy":"post_tag","embeddable":true,"href":"https:\/\/www.lejournalduforkane.com\/index.php\/wp-json\/wp\/v2\/tags?post=14418"}],"curies":[{"name":"wp","href":"https:\/\/api.w.org\/{rel}","templated":true}]}}