
{"id":14458,"date":"2016-12-26T19:57:30","date_gmt":"2016-12-26T19:57:30","guid":{"rendered":"https:\/\/www.lejournalduforkane.com\/?p=14458"},"modified":"2016-12-26T19:57:30","modified_gmt":"2016-12-26T19:57:30","slug":"video-lambassadeur-darabie-saoudite-a-celebre-lassassinat-de-lambassadeur-de-la-russie-en-turquie-vraiment-pitoyable","status":"publish","type":"post","link":"https:\/\/www.lejournalduforkane.com\/index.php\/video-lambassadeur-darabie-saoudite-a-celebre-lassassinat-de-lambassadeur-de-la-russie-en-turquie-vraiment-pitoyable\/","title":{"rendered":"VID\u00c9O : L&rsquo;Ambassadeur d&rsquo;Arabie Saoudite a c\u00e9l\u00e9br\u00e9 l&rsquo;assassinat de l&rsquo;ambassadeur de la Russie en Turquie, vraiment pitoyable !"},"content":{"rendered":"<p><!--more--><br \/>\n<iframe loading=\"lazy\" src=\"https:\/\/www.youtube.com\/embed\/D4INXfNRY3A\" width=\"560\" height=\"315\" frameborder=\"0\" allowfullscreen=\"allowfullscreen\"><\/iframe><\/p>\n","protected":false},"excerpt":{"rendered":"","protected":false},"author":2,"featured_media":0,"comment_status":"closed","ping_status":"open","sticky":false,"template":"","format":"standard","meta":[],"categories":[],"tags":[],"_links":{"self":[{"href":"https:\/\/www.lejournalduforkane.com\/index.php\/wp-json\/wp\/v2\/posts\/14458"}],"collection":[{"href":"https:\/\/www.lejournalduforkane.com\/index.php\/wp-json\/wp\/v2\/posts"}],"about":[{"href":"https:\/\/www.lejournalduforkane.com\/index.php\/wp-json\/wp\/v2\/types\/post"}],"author":[{"embeddable":true,"href":"https:\/\/www.lejournalduforkane.com\/index.php\/wp-json\/wp\/v2\/users\/2"}],"replies":[{"embeddable":true,"href":"https:\/\/www.lejournalduforkane.com\/index.php\/wp-json\/wp\/v2\/comments?post=14458"}],"version-history":[{"count":1,"href":"https:\/\/www.lejournalduforkane.com\/index.php\/wp-json\/wp\/v2\/posts\/14458\/revisions"}],"predecessor-version":[{"id":14460,"href":"https:\/\/www.lejournalduforkane.com\/index.php\/wp-json\/wp\/v2\/posts\/14458\/revisions\/14460"}],"wp:attachment":[{"href":"https:\/\/www.lejournalduforkane.com\/index.php\/wp-json\/wp\/v2\/media?parent=14458"}],"wp:term":[{"taxonomy":"category","embeddable":true,"href":"https:\/\/www.lejournalduforkane.com\/index.php\/wp-json\/wp\/v2\/categories?post=14458"},{"taxonomy":"post_tag","embeddable":true,"href":"https:\/\/www.lejournalduforkane.com\/index.php\/wp-json\/wp\/v2\/tags?post=14458"}],"curies":[{"name":"wp","href":"https:\/\/api.w.org\/{rel}","templated":true}]}}