
{"id":14468,"date":"2016-12-28T19:53:52","date_gmt":"2016-12-28T19:53:52","guid":{"rendered":"https:\/\/www.lejournalduforkane.com\/?p=14468"},"modified":"2016-12-28T19:53:52","modified_gmt":"2016-12-28T19:53:52","slug":"video-des-officiels-du-bahrein-celebrent-hanouka-avec-des-sionistes-extremistes","status":"publish","type":"post","link":"https:\/\/www.lejournalduforkane.com\/index.php\/video-des-officiels-du-bahrein-celebrent-hanouka-avec-des-sionistes-extremistes\/","title":{"rendered":"VID\u00c9O : Des officiels du Bahre\u00efn c\u00e9l\u00e8brent Hanouka avec des sionistes extr\u00e9mistes"},"content":{"rendered":"<p style=\"text-align: justify;\"><!--more--><\/p>\n<p style=\"text-align: justify;\">Samedi 24 d\u00e9cembre 2016, au royaume du Bahre\u00efn, des religieux, des hommes d\u2019affaires et des officiels c\u00e9l\u00e8brent la f\u00eate de Hanouka en compagnie d\u2019une d\u00e9l\u00e9gation de sionistes extr\u00e9mistes et racistes am\u00e9ricains et isra\u00e9liens.<br \/>\nPendant que leur religieux impies insultent de m\u00e9cr\u00e9ant et d\u2019idol\u00e2tre les Musulmans qui souhaitent un Joyeux No\u00ebl \u00e0 leurs fr\u00e8res Chr\u00e9tiens, les monarchies du Golfe d<span class=\"text_exposed_show\">ansent et s\u2019amusent avec Isra\u00ebl. Ce sont des hypocrites.<\/span><\/p>\n<div class=\"text_exposed_show\">\n<p style=\"text-align: justify;\">Ali DANI et le JOURNAL DU FORKANE sont les premiers \u00e0 avoir d\u00e9montr\u00e9 la trahison et l\u2019h\u00e9r\u00e9sie des pays arabes du Golfe qui ont envoy\u00e9 des fous furieux sanguinaires salafistes wahhabites semer la terreur et le chaos en Syrie, en Irak et partout dans le monde musulman avec l\u2019aide d\u2019Isra\u00ebl, de l\u2019Occident et de la Turquie.<\/p>\n<p style=\"text-align: justify;\">Nous vous conseillons de lire ou de relire nos diff\u00e9rents dossiers sur ce sujet (Les h\u00e9r\u00e9tiques : <a href=\"https:\/\/www.lejournalduforkane.com\/index.php\/category\/les-heretiques\" target=\"_blank\" rel=\"nofollow\">www.lejournalduforkane.com\/index.php\/category\/les-heretiques<\/a>) : les h\u00e9r\u00e9tiques, la trahison des pays arabes du Golfe.<br \/>\nLe Hamas a vivement d\u00e9nonc\u00e9 cette trahison et r\u00e9it\u00e8re sa demande de cesser toute normalisation avec Isra\u00ebl. Si ce n\u2019\u00e9tait la trahison de ces b\u00e9douins hypocrites, la Palestine serait lib\u00e9r\u00e9e depuis tr\u00e8s longtemps.<\/p>\n<\/div>\n<p><iframe loading=\"lazy\" src=\"https:\/\/www.youtube.com\/embed\/uQcZ77_hXHs\" width=\"560\" height=\"315\" frameborder=\"0\" allowfullscreen=\"allowfullscreen\"><\/iframe><\/p>\n","protected":false},"excerpt":{"rendered":"Samedi 24 d\u00e9cembre 2016, au royaume du Bahre\u00efn, des religieux, des hommes d\u2019affaires et des officiels c\u00e9l\u00e8brent la f\u00eate de Hanouka en compagnie d\u2019une d\u00e9l\u00e9gation de sionistes extr\u00e9mistes et racistes","protected":false},"author":2,"featured_media":0,"comment_status":"closed","ping_status":"open","sticky":false,"template":"","format":"standard","meta":[],"categories":[],"tags":[],"_links":{"self":[{"href":"https:\/\/www.lejournalduforkane.com\/index.php\/wp-json\/wp\/v2\/posts\/14468"}],"collection":[{"href":"https:\/\/www.lejournalduforkane.com\/index.php\/wp-json\/wp\/v2\/posts"}],"about":[{"href":"https:\/\/www.lejournalduforkane.com\/index.php\/wp-json\/wp\/v2\/types\/post"}],"author":[{"embeddable":true,"href":"https:\/\/www.lejournalduforkane.com\/index.php\/wp-json\/wp\/v2\/users\/2"}],"replies":[{"embeddable":true,"href":"https:\/\/www.lejournalduforkane.com\/index.php\/wp-json\/wp\/v2\/comments?post=14468"}],"version-history":[{"count":1,"href":"https:\/\/www.lejournalduforkane.com\/index.php\/wp-json\/wp\/v2\/posts\/14468\/revisions"}],"predecessor-version":[{"id":14470,"href":"https:\/\/www.lejournalduforkane.com\/index.php\/wp-json\/wp\/v2\/posts\/14468\/revisions\/14470"}],"wp:attachment":[{"href":"https:\/\/www.lejournalduforkane.com\/index.php\/wp-json\/wp\/v2\/media?parent=14468"}],"wp:term":[{"taxonomy":"category","embeddable":true,"href":"https:\/\/www.lejournalduforkane.com\/index.php\/wp-json\/wp\/v2\/categories?post=14468"},{"taxonomy":"post_tag","embeddable":true,"href":"https:\/\/www.lejournalduforkane.com\/index.php\/wp-json\/wp\/v2\/tags?post=14468"}],"curies":[{"name":"wp","href":"https:\/\/api.w.org\/{rel}","templated":true}]}}