
{"id":14478,"date":"2016-12-28T20:08:45","date_gmt":"2016-12-28T20:08:45","guid":{"rendered":"https:\/\/www.lejournalduforkane.com\/?p=14478"},"modified":"2016-12-28T20:08:45","modified_gmt":"2016-12-28T20:08:45","slug":"video-des-munitions-de-fabrication-occidentale-decouvertes-a-alep","status":"publish","type":"post","link":"https:\/\/www.lejournalduforkane.com\/index.php\/video-des-munitions-de-fabrication-occidentale-decouvertes-a-alep\/","title":{"rendered":"[Vid\u00e9o] | Des munitions de fabrication occidentale d\u00e9couvertes \u00e0 Alep"},"content":{"rendered":"<p><!--more--><\/p>\n<div id=\"js_k2\" class=\"_5pbx userContent\" data-ft=\"{&quot;tn&quot;:&quot;K&quot;}\">\n<p>Les d\u00e9mineurs russes ont trouv\u00e9 des munitions de fabrication am\u00e9ricaine, allemande et bulgare<\/p>\n<p>&nbsp;<\/p>\n<\/div>\n<p><iframe loading=\"lazy\" src=\"https:\/\/www.youtube.com\/embed\/Bsti_YjPaCw\" width=\"560\" height=\"315\" frameborder=\"0\" allowfullscreen=\"allowfullscreen\"><\/iframe><\/p>\n","protected":false},"excerpt":{"rendered":"Les d\u00e9mineurs russes ont trouv\u00e9 des munitions de fabrication am\u00e9ricaine, allemande et bulgare &nbsp;","protected":false},"author":2,"featured_media":0,"comment_status":"closed","ping_status":"open","sticky":false,"template":"","format":"standard","meta":[],"categories":[],"tags":[],"_links":{"self":[{"href":"https:\/\/www.lejournalduforkane.com\/index.php\/wp-json\/wp\/v2\/posts\/14478"}],"collection":[{"href":"https:\/\/www.lejournalduforkane.com\/index.php\/wp-json\/wp\/v2\/posts"}],"about":[{"href":"https:\/\/www.lejournalduforkane.com\/index.php\/wp-json\/wp\/v2\/types\/post"}],"author":[{"embeddable":true,"href":"https:\/\/www.lejournalduforkane.com\/index.php\/wp-json\/wp\/v2\/users\/2"}],"replies":[{"embeddable":true,"href":"https:\/\/www.lejournalduforkane.com\/index.php\/wp-json\/wp\/v2\/comments?post=14478"}],"version-history":[{"count":1,"href":"https:\/\/www.lejournalduforkane.com\/index.php\/wp-json\/wp\/v2\/posts\/14478\/revisions"}],"predecessor-version":[{"id":14480,"href":"https:\/\/www.lejournalduforkane.com\/index.php\/wp-json\/wp\/v2\/posts\/14478\/revisions\/14480"}],"wp:attachment":[{"href":"https:\/\/www.lejournalduforkane.com\/index.php\/wp-json\/wp\/v2\/media?parent=14478"}],"wp:term":[{"taxonomy":"category","embeddable":true,"href":"https:\/\/www.lejournalduforkane.com\/index.php\/wp-json\/wp\/v2\/categories?post=14478"},{"taxonomy":"post_tag","embeddable":true,"href":"https:\/\/www.lejournalduforkane.com\/index.php\/wp-json\/wp\/v2\/tags?post=14478"}],"curies":[{"name":"wp","href":"https:\/\/api.w.org\/{rel}","templated":true}]}}