
{"id":14497,"date":"2016-12-29T19:56:14","date_gmt":"2016-12-29T19:56:14","guid":{"rendered":"https:\/\/www.lejournalduforkane.com\/?p=14497"},"modified":"2016-12-29T19:56:14","modified_gmt":"2016-12-29T19:56:14","slug":"le-monde-meurt-de-faim-et-les-bedouins-darabie","status":"publish","type":"post","link":"https:\/\/www.lejournalduforkane.com\/index.php\/le-monde-meurt-de-faim-et-les-bedouins-darabie\/","title":{"rendered":"Le monde meurt de faim et les b\u00e9douins d\u2019Arabie&#8230;."},"content":{"rendered":"<p><!--more--><\/p>\n<p>2,8 milliards de personnes, soit pr\u00e8s de la moiti\u00e9 de la population mondiale, vivent avec moins de 2 dollars par jour. Mais regardez dans le m\u00eame temps, ce que font les b\u00e9douins d&rsquo;Arabie&#8230;<br \/>\n<iframe loading=\"lazy\" src=\"https:\/\/www.youtube.com\/embed\/2z8Nmy3x7p8\" width=\"560\" height=\"315\" frameborder=\"0\" allowfullscreen=\"allowfullscreen\"><\/iframe><\/p>\n","protected":false},"excerpt":{"rendered":"2,8 milliards de personnes, soit pr\u00e8s de la moiti\u00e9 de la population mondiale, vivent avec moins de 2 dollars par jour. Mais regardez dans le m\u00eame temps, ce que font","protected":false},"author":2,"featured_media":0,"comment_status":"closed","ping_status":"open","sticky":false,"template":"","format":"standard","meta":[],"categories":[],"tags":[],"_links":{"self":[{"href":"https:\/\/www.lejournalduforkane.com\/index.php\/wp-json\/wp\/v2\/posts\/14497"}],"collection":[{"href":"https:\/\/www.lejournalduforkane.com\/index.php\/wp-json\/wp\/v2\/posts"}],"about":[{"href":"https:\/\/www.lejournalduforkane.com\/index.php\/wp-json\/wp\/v2\/types\/post"}],"author":[{"embeddable":true,"href":"https:\/\/www.lejournalduforkane.com\/index.php\/wp-json\/wp\/v2\/users\/2"}],"replies":[{"embeddable":true,"href":"https:\/\/www.lejournalduforkane.com\/index.php\/wp-json\/wp\/v2\/comments?post=14497"}],"version-history":[{"count":1,"href":"https:\/\/www.lejournalduforkane.com\/index.php\/wp-json\/wp\/v2\/posts\/14497\/revisions"}],"predecessor-version":[{"id":14499,"href":"https:\/\/www.lejournalduforkane.com\/index.php\/wp-json\/wp\/v2\/posts\/14497\/revisions\/14499"}],"wp:attachment":[{"href":"https:\/\/www.lejournalduforkane.com\/index.php\/wp-json\/wp\/v2\/media?parent=14497"}],"wp:term":[{"taxonomy":"category","embeddable":true,"href":"https:\/\/www.lejournalduforkane.com\/index.php\/wp-json\/wp\/v2\/categories?post=14497"},{"taxonomy":"post_tag","embeddable":true,"href":"https:\/\/www.lejournalduforkane.com\/index.php\/wp-json\/wp\/v2\/tags?post=14497"}],"curies":[{"name":"wp","href":"https:\/\/api.w.org\/{rel}","templated":true}]}}