
{"id":14652,"date":"2017-01-08T20:11:41","date_gmt":"2017-01-08T20:11:41","guid":{"rendered":"https:\/\/www.lejournalduforkane.com\/?p=14652"},"modified":"2017-01-08T20:11:41","modified_gmt":"2017-01-08T20:11:41","slug":"video-deces-de-layatollah-akbar-hachemi-rafsandjani-3-jours-de-deuil-en-iran","status":"publish","type":"post","link":"https:\/\/www.lejournalduforkane.com\/index.php\/video-deces-de-layatollah-akbar-hachemi-rafsandjani-3-jours-de-deuil-en-iran\/","title":{"rendered":"[Vid\u00e9o] | D\u00e9c\u00e8s de l&rsquo;Ayatollah Akbar Hach\u00e9mi Rafsandjani : 3 jours de deuil en Iran"},"content":{"rendered":"<p><!--more--><br \/>\n<iframe loading=\"lazy\" src=\"https:\/\/www.youtube.com\/embed\/66kOkTZB9qI\" width=\"560\" height=\"315\" frameborder=\"0\" allowfullscreen=\"allowfullscreen\"><\/iframe><\/p>\n","protected":false},"excerpt":{"rendered":"","protected":false},"author":2,"featured_media":0,"comment_status":"closed","ping_status":"open","sticky":false,"template":"","format":"standard","meta":[],"categories":[],"tags":[],"_links":{"self":[{"href":"https:\/\/www.lejournalduforkane.com\/index.php\/wp-json\/wp\/v2\/posts\/14652"}],"collection":[{"href":"https:\/\/www.lejournalduforkane.com\/index.php\/wp-json\/wp\/v2\/posts"}],"about":[{"href":"https:\/\/www.lejournalduforkane.com\/index.php\/wp-json\/wp\/v2\/types\/post"}],"author":[{"embeddable":true,"href":"https:\/\/www.lejournalduforkane.com\/index.php\/wp-json\/wp\/v2\/users\/2"}],"replies":[{"embeddable":true,"href":"https:\/\/www.lejournalduforkane.com\/index.php\/wp-json\/wp\/v2\/comments?post=14652"}],"version-history":[{"count":1,"href":"https:\/\/www.lejournalduforkane.com\/index.php\/wp-json\/wp\/v2\/posts\/14652\/revisions"}],"predecessor-version":[{"id":14653,"href":"https:\/\/www.lejournalduforkane.com\/index.php\/wp-json\/wp\/v2\/posts\/14652\/revisions\/14653"}],"wp:attachment":[{"href":"https:\/\/www.lejournalduforkane.com\/index.php\/wp-json\/wp\/v2\/media?parent=14652"}],"wp:term":[{"taxonomy":"category","embeddable":true,"href":"https:\/\/www.lejournalduforkane.com\/index.php\/wp-json\/wp\/v2\/categories?post=14652"},{"taxonomy":"post_tag","embeddable":true,"href":"https:\/\/www.lejournalduforkane.com\/index.php\/wp-json\/wp\/v2\/tags?post=14652"}],"curies":[{"name":"wp","href":"https:\/\/api.w.org\/{rel}","templated":true}]}}