
{"id":14681,"date":"2017-01-11T19:48:21","date_gmt":"2017-01-11T19:48:21","guid":{"rendered":"https:\/\/www.lejournalduforkane.com\/?p=14681"},"modified":"2017-01-11T19:48:21","modified_gmt":"2017-01-11T19:48:21","slug":"video-des-centaines-de-milliers-de-personnes-aux-funerailles-de-rafsandjani-a-teheran","status":"publish","type":"post","link":"https:\/\/www.lejournalduforkane.com\/index.php\/video-des-centaines-de-milliers-de-personnes-aux-funerailles-de-rafsandjani-a-teheran\/","title":{"rendered":"[Vid\u00e9o] | Des centaines de milliers de personnes aux fun\u00e9railles de Rafsandjani \u00e0 T\u00e9h\u00e9ran"},"content":{"rendered":"<p><!--more--><\/p>\n<div id=\"js_r9\" class=\"_5pbx userContent\" data-ft=\"{&quot;tn&quot;:&quot;K&quot;}\">\n<p>Des centaines de milliers de personnes ont assist\u00e9 aujourd&rsquo;hui \u00e0 T\u00e9h\u00e9ran aux fun\u00e9railles de l&rsquo;ex-pr\u00e9sident iranien l&rsquo;Ayatollah Akbar Hach\u00e9mi Rafsandjani.<\/p>\n<p>Que Dieu lui fasse Mis\u00e9ricorde<br \/>\n<iframe loading=\"lazy\" src=\"https:\/\/www.youtube.com\/embed\/HhiUbf1D5Kw\" width=\"560\" height=\"315\" frameborder=\"0\" allowfullscreen=\"allowfullscreen\"><\/iframe><\/p>\n<\/div>\n","protected":false},"excerpt":{"rendered":"Des centaines de milliers de personnes ont assist\u00e9 aujourd'hui \u00e0 T\u00e9h\u00e9ran aux fun\u00e9railles de l'ex-pr\u00e9sident iranien l'Ayatollah Akbar Hach\u00e9mi Rafsandjani. Que Dieu lui fasse Mis\u00e9ricorde","protected":false},"author":2,"featured_media":0,"comment_status":"closed","ping_status":"open","sticky":false,"template":"","format":"standard","meta":[],"categories":[],"tags":[],"_links":{"self":[{"href":"https:\/\/www.lejournalduforkane.com\/index.php\/wp-json\/wp\/v2\/posts\/14681"}],"collection":[{"href":"https:\/\/www.lejournalduforkane.com\/index.php\/wp-json\/wp\/v2\/posts"}],"about":[{"href":"https:\/\/www.lejournalduforkane.com\/index.php\/wp-json\/wp\/v2\/types\/post"}],"author":[{"embeddable":true,"href":"https:\/\/www.lejournalduforkane.com\/index.php\/wp-json\/wp\/v2\/users\/2"}],"replies":[{"embeddable":true,"href":"https:\/\/www.lejournalduforkane.com\/index.php\/wp-json\/wp\/v2\/comments?post=14681"}],"version-history":[{"count":1,"href":"https:\/\/www.lejournalduforkane.com\/index.php\/wp-json\/wp\/v2\/posts\/14681\/revisions"}],"predecessor-version":[{"id":14684,"href":"https:\/\/www.lejournalduforkane.com\/index.php\/wp-json\/wp\/v2\/posts\/14681\/revisions\/14684"}],"wp:attachment":[{"href":"https:\/\/www.lejournalduforkane.com\/index.php\/wp-json\/wp\/v2\/media?parent=14681"}],"wp:term":[{"taxonomy":"category","embeddable":true,"href":"https:\/\/www.lejournalduforkane.com\/index.php\/wp-json\/wp\/v2\/categories?post=14681"},{"taxonomy":"post_tag","embeddable":true,"href":"https:\/\/www.lejournalduforkane.com\/index.php\/wp-json\/wp\/v2\/tags?post=14681"}],"curies":[{"name":"wp","href":"https:\/\/api.w.org\/{rel}","templated":true}]}}