
{"id":14691,"date":"2017-01-11T19:58:34","date_gmt":"2017-01-11T19:58:34","guid":{"rendered":"https:\/\/www.lejournalduforkane.com\/?p=14691"},"modified":"2017-01-11T19:58:34","modified_gmt":"2017-01-11T19:58:34","slug":"video-les-sauvages-soldats-de-loccupation-sioniste-abattent-un-palestinien-sous-les-yeux-de-sa-mere","status":"publish","type":"post","link":"https:\/\/www.lejournalduforkane.com\/index.php\/video-les-sauvages-soldats-de-loccupation-sioniste-abattent-un-palestinien-sous-les-yeux-de-sa-mere\/","title":{"rendered":"[Vid\u00e9o] | Les sauvages soldats de l\u2019occupation sioniste abattent un Palestinien sous les yeux de sa m\u00e8re"},"content":{"rendered":"<p><!--more--><\/p>\n<p style=\"text-align: justify;\">Les sauvages soldats de l\u2019occupation sioniste ont ex\u00e9cut\u00e9s ce matin le jeune Mohammad Salhi, 33ans, originaire du camp d\u2019Al-Fari\u00e2eh pr\u00e8s de Naplouse au nord de la Cisjordanie.<\/p>\n<p style=\"text-align: justify;\">Cet ex-prisonnier, a \u00e9t\u00e9 abattu de sang froid sous les yeux de sa m\u00e8re, apr\u00e8s la prise d\u2019assaut de sa maison. Les sauvages soldats de l\u2019occupation sioniste lui ont tir\u00e9 6 balle dans la t\u00eate !!!<\/p>\n<div class=\"text_exposed_show\">\n<p style=\"text-align: justify;\"><strong>VIVE LA PALESTINE<\/strong><br \/>\n<strong> PARTAGER UN MAXIMUM CETTE VID\u00c9O<\/strong><\/p>\n<p><iframe loading=\"lazy\" src=\"https:\/\/www.youtube.com\/embed\/-Q4WXosBYN0\" width=\"560\" height=\"315\" frameborder=\"0\" allowfullscreen=\"allowfullscreen\"><\/iframe><\/p>\n<\/div>\n","protected":false},"excerpt":{"rendered":"Les sauvages soldats de l\u2019occupation sioniste ont ex\u00e9cut\u00e9s ce matin le jeune Mohammad Salhi, 33ans, originaire du camp d\u2019Al-Fari\u00e2eh pr\u00e8s de Naplouse au nord de la Cisjordanie. Cet ex-prisonnier, a","protected":false},"author":2,"featured_media":0,"comment_status":"closed","ping_status":"open","sticky":false,"template":"","format":"standard","meta":[],"categories":[],"tags":[],"_links":{"self":[{"href":"https:\/\/www.lejournalduforkane.com\/index.php\/wp-json\/wp\/v2\/posts\/14691"}],"collection":[{"href":"https:\/\/www.lejournalduforkane.com\/index.php\/wp-json\/wp\/v2\/posts"}],"about":[{"href":"https:\/\/www.lejournalduforkane.com\/index.php\/wp-json\/wp\/v2\/types\/post"}],"author":[{"embeddable":true,"href":"https:\/\/www.lejournalduforkane.com\/index.php\/wp-json\/wp\/v2\/users\/2"}],"replies":[{"embeddable":true,"href":"https:\/\/www.lejournalduforkane.com\/index.php\/wp-json\/wp\/v2\/comments?post=14691"}],"version-history":[{"count":1,"href":"https:\/\/www.lejournalduforkane.com\/index.php\/wp-json\/wp\/v2\/posts\/14691\/revisions"}],"predecessor-version":[{"id":14693,"href":"https:\/\/www.lejournalduforkane.com\/index.php\/wp-json\/wp\/v2\/posts\/14691\/revisions\/14693"}],"wp:attachment":[{"href":"https:\/\/www.lejournalduforkane.com\/index.php\/wp-json\/wp\/v2\/media?parent=14691"}],"wp:term":[{"taxonomy":"category","embeddable":true,"href":"https:\/\/www.lejournalduforkane.com\/index.php\/wp-json\/wp\/v2\/categories?post=14691"},{"taxonomy":"post_tag","embeddable":true,"href":"https:\/\/www.lejournalduforkane.com\/index.php\/wp-json\/wp\/v2\/tags?post=14691"}],"curies":[{"name":"wp","href":"https:\/\/api.w.org\/{rel}","templated":true}]}}