
{"id":14697,"date":"2017-01-11T20:04:14","date_gmt":"2017-01-11T20:04:14","guid":{"rendered":"https:\/\/www.lejournalduforkane.com\/?p=14697"},"modified":"2017-01-11T20:04:14","modified_gmt":"2017-01-11T20:04:14","slug":"jean-lassalle-depute-francais-qui-a-recemment-visite-la-syrie-bachar-al-assad-est-lucide-serein-et-sans-excitation","status":"publish","type":"post","link":"https:\/\/www.lejournalduforkane.com\/index.php\/jean-lassalle-depute-francais-qui-a-recemment-visite-la-syrie-bachar-al-assad-est-lucide-serein-et-sans-excitation\/","title":{"rendered":"Jean Lassalle (d\u00e9put\u00e9 Fran\u00e7ais qui a r\u00e9cemment visit\u00e9 la Syrie) : \u00ab\u00a0Bachar Al-Assad est lucide, serein et sans excitation\u00a0\u00bb"},"content":{"rendered":"<p><!--more--><\/p>\n<p>&nbsp;<br \/>\n<iframe loading=\"lazy\" width=\"560\" height=\"315\" src=\"https:\/\/www.youtube.com\/embed\/kt0fGuT1NLM\" frameborder=\"0\" allowfullscreen><\/iframe><\/p>\n","protected":false},"excerpt":{"rendered":"&nbsp;","protected":false},"author":2,"featured_media":0,"comment_status":"closed","ping_status":"open","sticky":false,"template":"","format":"standard","meta":[],"categories":[],"tags":[],"_links":{"self":[{"href":"https:\/\/www.lejournalduforkane.com\/index.php\/wp-json\/wp\/v2\/posts\/14697"}],"collection":[{"href":"https:\/\/www.lejournalduforkane.com\/index.php\/wp-json\/wp\/v2\/posts"}],"about":[{"href":"https:\/\/www.lejournalduforkane.com\/index.php\/wp-json\/wp\/v2\/types\/post"}],"author":[{"embeddable":true,"href":"https:\/\/www.lejournalduforkane.com\/index.php\/wp-json\/wp\/v2\/users\/2"}],"replies":[{"embeddable":true,"href":"https:\/\/www.lejournalduforkane.com\/index.php\/wp-json\/wp\/v2\/comments?post=14697"}],"version-history":[{"count":1,"href":"https:\/\/www.lejournalduforkane.com\/index.php\/wp-json\/wp\/v2\/posts\/14697\/revisions"}],"predecessor-version":[{"id":14699,"href":"https:\/\/www.lejournalduforkane.com\/index.php\/wp-json\/wp\/v2\/posts\/14697\/revisions\/14699"}],"wp:attachment":[{"href":"https:\/\/www.lejournalduforkane.com\/index.php\/wp-json\/wp\/v2\/media?parent=14697"}],"wp:term":[{"taxonomy":"category","embeddable":true,"href":"https:\/\/www.lejournalduforkane.com\/index.php\/wp-json\/wp\/v2\/categories?post=14697"},{"taxonomy":"post_tag","embeddable":true,"href":"https:\/\/www.lejournalduforkane.com\/index.php\/wp-json\/wp\/v2\/tags?post=14697"}],"curies":[{"name":"wp","href":"https:\/\/api.w.org\/{rel}","templated":true}]}}