
{"id":14700,"date":"2017-01-11T20:08:35","date_gmt":"2017-01-11T20:08:35","guid":{"rendered":"https:\/\/www.lejournalduforkane.com\/?p=14700"},"modified":"2017-01-11T20:08:35","modified_gmt":"2017-01-11T20:08:35","slug":"video-pres-de-1400-enfants-yemenites-sont-morts-et-quelque-2000-ecoles-sont-hors-dusage-depuis-de-le-debut-de-lagression-arabo-us-contre-le-yemen-en-mars-2015-dans-un-nouveau-rapport-de-luni","status":"publish","type":"post","link":"https:\/\/www.lejournalduforkane.com\/index.php\/video-pres-de-1400-enfants-yemenites-sont-morts-et-quelque-2000-ecoles-sont-hors-dusage-depuis-de-le-debut-de-lagression-arabo-us-contre-le-yemen-en-mars-2015-dans-un-nouveau-rapport-de-luni\/","title":{"rendered":"[Vid\u00e9o] | Pr\u00e8s de 1400 enfants y\u00e9m\u00e9nites sont morts et quelque 2000 \u00e9coles sont hors d&rsquo;usage depuis de le d\u00e9but de l&rsquo;agression arabo-US contre le Y\u00e9men en mars 2015 dans un nouveau rapport de l&rsquo;Unicef"},"content":{"rendered":"<p><!--more--><br \/>\n<iframe loading=\"lazy\" src=\"https:\/\/www.youtube.com\/embed\/Fm6qI8SUhrE\" width=\"560\" height=\"315\" frameborder=\"0\" allowfullscreen=\"allowfullscreen\"><\/iframe><\/p>\n","protected":false},"excerpt":{"rendered":"","protected":false},"author":2,"featured_media":0,"comment_status":"closed","ping_status":"open","sticky":false,"template":"","format":"standard","meta":[],"categories":[],"tags":[],"_links":{"self":[{"href":"https:\/\/www.lejournalduforkane.com\/index.php\/wp-json\/wp\/v2\/posts\/14700"}],"collection":[{"href":"https:\/\/www.lejournalduforkane.com\/index.php\/wp-json\/wp\/v2\/posts"}],"about":[{"href":"https:\/\/www.lejournalduforkane.com\/index.php\/wp-json\/wp\/v2\/types\/post"}],"author":[{"embeddable":true,"href":"https:\/\/www.lejournalduforkane.com\/index.php\/wp-json\/wp\/v2\/users\/2"}],"replies":[{"embeddable":true,"href":"https:\/\/www.lejournalduforkane.com\/index.php\/wp-json\/wp\/v2\/comments?post=14700"}],"version-history":[{"count":1,"href":"https:\/\/www.lejournalduforkane.com\/index.php\/wp-json\/wp\/v2\/posts\/14700\/revisions"}],"predecessor-version":[{"id":14702,"href":"https:\/\/www.lejournalduforkane.com\/index.php\/wp-json\/wp\/v2\/posts\/14700\/revisions\/14702"}],"wp:attachment":[{"href":"https:\/\/www.lejournalduforkane.com\/index.php\/wp-json\/wp\/v2\/media?parent=14700"}],"wp:term":[{"taxonomy":"category","embeddable":true,"href":"https:\/\/www.lejournalduforkane.com\/index.php\/wp-json\/wp\/v2\/categories?post=14700"},{"taxonomy":"post_tag","embeddable":true,"href":"https:\/\/www.lejournalduforkane.com\/index.php\/wp-json\/wp\/v2\/tags?post=14700"}],"curies":[{"name":"wp","href":"https:\/\/api.w.org\/{rel}","templated":true}]}}