
{"id":14714,"date":"2017-01-13T19:47:53","date_gmt":"2017-01-13T19:47:53","guid":{"rendered":"https:\/\/www.lejournalduforkane.com\/?p=14714"},"modified":"2017-01-13T19:47:53","modified_gmt":"2017-01-13T19:47:53","slug":"video-crise-de-leau-a-damas-les-terroristes-salafistes-ont-contamine-les-sources-utilisees-par-les-civils","status":"publish","type":"post","link":"https:\/\/www.lejournalduforkane.com\/index.php\/video-crise-de-leau-a-damas-les-terroristes-salafistes-ont-contamine-les-sources-utilisees-par-les-civils\/","title":{"rendered":"[Vid\u00e9o] | Crise de l&rsquo;eau \u00e0 Damas : les terroristes salafistes ont contamin\u00e9 les sources utilis\u00e9es par les civils"},"content":{"rendered":"<p><!--more--><\/p>\n<p><iframe loading=\"lazy\" src=\"https:\/\/www.youtube.com\/embed\/zkJa6IzC1dI\" width=\"560\" height=\"315\" frameborder=\"0\" allowfullscreen=\"allowfullscreen\"><\/iframe><\/p>\n","protected":false},"excerpt":{"rendered":"","protected":false},"author":2,"featured_media":0,"comment_status":"closed","ping_status":"open","sticky":false,"template":"","format":"standard","meta":[],"categories":[],"tags":[],"_links":{"self":[{"href":"https:\/\/www.lejournalduforkane.com\/index.php\/wp-json\/wp\/v2\/posts\/14714"}],"collection":[{"href":"https:\/\/www.lejournalduforkane.com\/index.php\/wp-json\/wp\/v2\/posts"}],"about":[{"href":"https:\/\/www.lejournalduforkane.com\/index.php\/wp-json\/wp\/v2\/types\/post"}],"author":[{"embeddable":true,"href":"https:\/\/www.lejournalduforkane.com\/index.php\/wp-json\/wp\/v2\/users\/2"}],"replies":[{"embeddable":true,"href":"https:\/\/www.lejournalduforkane.com\/index.php\/wp-json\/wp\/v2\/comments?post=14714"}],"version-history":[{"count":1,"href":"https:\/\/www.lejournalduforkane.com\/index.php\/wp-json\/wp\/v2\/posts\/14714\/revisions"}],"predecessor-version":[{"id":14716,"href":"https:\/\/www.lejournalduforkane.com\/index.php\/wp-json\/wp\/v2\/posts\/14714\/revisions\/14716"}],"wp:attachment":[{"href":"https:\/\/www.lejournalduforkane.com\/index.php\/wp-json\/wp\/v2\/media?parent=14714"}],"wp:term":[{"taxonomy":"category","embeddable":true,"href":"https:\/\/www.lejournalduforkane.com\/index.php\/wp-json\/wp\/v2\/categories?post=14714"},{"taxonomy":"post_tag","embeddable":true,"href":"https:\/\/www.lejournalduforkane.com\/index.php\/wp-json\/wp\/v2\/tags?post=14714"}],"curies":[{"name":"wp","href":"https:\/\/api.w.org\/{rel}","templated":true}]}}