
{"id":14726,"date":"2017-01-13T19:58:14","date_gmt":"2017-01-13T19:58:14","guid":{"rendered":"https:\/\/www.lejournalduforkane.com\/?p=14726"},"modified":"2017-01-13T19:58:14","modified_gmt":"2017-01-13T19:58:14","slug":"ou-sont-sont-les-nations-arabes","status":"publish","type":"post","link":"https:\/\/www.lejournalduforkane.com\/index.php\/ou-sont-sont-les-nations-arabes\/","title":{"rendered":"\u00a0\u00bb O\u00f9 sont sont les nations arabes ?! \u00ab\u00a0"},"content":{"rendered":"<p><!--more--><\/p>\n<p style=\"text-align: justify;\">VID\u00c9O \u00c9MOUVANTE : La femme et les enfants de cet homme ont \u00e9t\u00e9 ex\u00e9cut\u00e9s par Daesh. Ses 2 gar\u00e7ons sont tomb\u00e9s en martyr en r\u00e9sistant contre les terroristes salafistes de Daesh.<br \/>\nLes \u00c9tats arabe du golfe ont \u00e9t\u00e9 occup\u00e9s \u00e0 aider les terroristes en Iraq. Celui qui a aid\u00e9 l&rsquo;Irak \u00e0 \u00e9liminer les terroristes c&rsquo;est le PEUPLE Dit-il !!!<\/p>\n<p><iframe loading=\"lazy\" src=\"https:\/\/www.youtube.com\/embed\/4KVUN5YDjwo\" width=\"560\" height=\"315\" frameborder=\"0\" allowfullscreen=\"allowfullscreen\"><\/iframe><\/p>\n","protected":false},"excerpt":{"rendered":"VID\u00c9O \u00c9MOUVANTE : La femme et les enfants de cet homme ont \u00e9t\u00e9 ex\u00e9cut\u00e9s par Daesh. Ses 2 gar\u00e7ons sont tomb\u00e9s en martyr en r\u00e9sistant contre les terroristes salafistes de","protected":false},"author":2,"featured_media":0,"comment_status":"closed","ping_status":"open","sticky":false,"template":"","format":"standard","meta":[],"categories":[],"tags":[],"_links":{"self":[{"href":"https:\/\/www.lejournalduforkane.com\/index.php\/wp-json\/wp\/v2\/posts\/14726"}],"collection":[{"href":"https:\/\/www.lejournalduforkane.com\/index.php\/wp-json\/wp\/v2\/posts"}],"about":[{"href":"https:\/\/www.lejournalduforkane.com\/index.php\/wp-json\/wp\/v2\/types\/post"}],"author":[{"embeddable":true,"href":"https:\/\/www.lejournalduforkane.com\/index.php\/wp-json\/wp\/v2\/users\/2"}],"replies":[{"embeddable":true,"href":"https:\/\/www.lejournalduforkane.com\/index.php\/wp-json\/wp\/v2\/comments?post=14726"}],"version-history":[{"count":1,"href":"https:\/\/www.lejournalduforkane.com\/index.php\/wp-json\/wp\/v2\/posts\/14726\/revisions"}],"predecessor-version":[{"id":14728,"href":"https:\/\/www.lejournalduforkane.com\/index.php\/wp-json\/wp\/v2\/posts\/14726\/revisions\/14728"}],"wp:attachment":[{"href":"https:\/\/www.lejournalduforkane.com\/index.php\/wp-json\/wp\/v2\/media?parent=14726"}],"wp:term":[{"taxonomy":"category","embeddable":true,"href":"https:\/\/www.lejournalduforkane.com\/index.php\/wp-json\/wp\/v2\/categories?post=14726"},{"taxonomy":"post_tag","embeddable":true,"href":"https:\/\/www.lejournalduforkane.com\/index.php\/wp-json\/wp\/v2\/tags?post=14726"}],"curies":[{"name":"wp","href":"https:\/\/api.w.org\/{rel}","templated":true}]}}