
{"id":14772,"date":"2017-01-17T19:10:28","date_gmt":"2017-01-17T19:10:28","guid":{"rendered":"https:\/\/www.lejournalduforkane.com\/?p=14772"},"modified":"2017-01-31T19:25:30","modified_gmt":"2017-01-31T19:25:30","slug":"les-forces-irakiennes-ont-decouvert-des-passeports-appartenant-a-des-terroristes-de-daesh-provenant-de-tchetchenie-et-des-etats-arabes","status":"publish","type":"post","link":"https:\/\/www.lejournalduforkane.com\/index.php\/les-forces-irakiennes-ont-decouvert-des-passeports-appartenant-a-des-terroristes-de-daesh-provenant-de-tchetchenie-et-des-etats-arabes\/","title":{"rendered":"Les forces irakiennes ont d\u00e9couvert des passeports appartenant \u00e0 des terroristes de Daesh provenant de Tch\u00e9tch\u00e9nie et des \u00c9tats Arabes"},"content":{"rendered":"<p><!--more--><\/p>\n<p><span class=\"_5yl5\">Comment ont-ils atteint la Syrie &amp; l&rsquo;Irak ?<\/span><br \/>\n<iframe loading=\"lazy\" src=\"https:\/\/www.youtube.com\/embed\/WFgIlEI5R0U\" width=\"560\" height=\"315\" frameborder=\"0\" allowfullscreen=\"allowfullscreen\"><\/iframe><\/p>\n","protected":false},"excerpt":{"rendered":"Comment ont-ils atteint la Syrie &amp; l'Irak ?","protected":false},"author":2,"featured_media":0,"comment_status":"closed","ping_status":"open","sticky":false,"template":"","format":"standard","meta":[],"categories":[],"tags":[],"_links":{"self":[{"href":"https:\/\/www.lejournalduforkane.com\/index.php\/wp-json\/wp\/v2\/posts\/14772"}],"collection":[{"href":"https:\/\/www.lejournalduforkane.com\/index.php\/wp-json\/wp\/v2\/posts"}],"about":[{"href":"https:\/\/www.lejournalduforkane.com\/index.php\/wp-json\/wp\/v2\/types\/post"}],"author":[{"embeddable":true,"href":"https:\/\/www.lejournalduforkane.com\/index.php\/wp-json\/wp\/v2\/users\/2"}],"replies":[{"embeddable":true,"href":"https:\/\/www.lejournalduforkane.com\/index.php\/wp-json\/wp\/v2\/comments?post=14772"}],"version-history":[{"count":1,"href":"https:\/\/www.lejournalduforkane.com\/index.php\/wp-json\/wp\/v2\/posts\/14772\/revisions"}],"predecessor-version":[{"id":14774,"href":"https:\/\/www.lejournalduforkane.com\/index.php\/wp-json\/wp\/v2\/posts\/14772\/revisions\/14774"}],"wp:attachment":[{"href":"https:\/\/www.lejournalduforkane.com\/index.php\/wp-json\/wp\/v2\/media?parent=14772"}],"wp:term":[{"taxonomy":"category","embeddable":true,"href":"https:\/\/www.lejournalduforkane.com\/index.php\/wp-json\/wp\/v2\/categories?post=14772"},{"taxonomy":"post_tag","embeddable":true,"href":"https:\/\/www.lejournalduforkane.com\/index.php\/wp-json\/wp\/v2\/tags?post=14772"}],"curies":[{"name":"wp","href":"https:\/\/api.w.org\/{rel}","templated":true}]}}