
{"id":15412,"date":"2017-02-07T20:03:14","date_gmt":"2017-02-07T20:03:14","guid":{"rendered":"http:\/\/bo.lejournalduforkane.com\/?p=15412"},"modified":"2017-02-07T20:03:14","modified_gmt":"2017-02-07T20:03:14","slug":"urgent-un-saoudien-a-tente-de-simmoler-par-le-feu-pres-de-la-kaaba-a-la-mecque","status":"publish","type":"post","link":"https:\/\/www.lejournalduforkane.com\/index.php\/urgent-un-saoudien-a-tente-de-simmoler-par-le-feu-pres-de-la-kaaba-a-la-mecque\/","title":{"rendered":"URGENT : Un Saoudien a tent\u00e9 de s&rsquo;immoler par le feu pr\u00e8s de la Kaaba \u00e0 La Mecque"},"content":{"rendered":"<p><!--more--><\/p>\n<p style=\"text-align: justify;\"><span class=\"_5yl5\">Un t\u00e9moin a affirm\u00e9 que cet homme avait voulu mettre le feu au tissu recouvrant la Sainte Kaaba. Un autre t\u00e9moin Ghazi Darwiche a indiqu\u00e9 avoir vu un individu asperger d&rsquo;essence le tissu couvrant la Kaaba, en lan\u00e7ant des slogans \u00ab\u00a0takfiris\u00a0\u00bb, propres aux terroristes salafistes.<\/span><\/p>\n<div style=\"width: 848px;\" class=\"wp-video\"><!--[if lt IE 9]><script>document.createElement('video');<\/script><![endif]-->\n<video class=\"wp-video-shortcode\" id=\"video-15412-1\" width=\"848\" height=\"480\" preload=\"metadata\" controls=\"controls\"><source type=\"video\/mp4\" src=\"https:\/\/www.lejournalduforkane.com\/wp-content\/uploads\/2017\/02\/Un-Saoudien-a-tent\u00e9-de-simmoler-par-le-feu-pr\u00e8s-de-la-Kaaba-\u00e0-La-Mecque-.mp4?_=1\" \/><a href=\"https:\/\/www.lejournalduforkane.com\/wp-content\/uploads\/2017\/02\/Un-Saoudien-a-tent\u00e9-de-simmoler-par-le-feu-pr\u00e8s-de-la-Kaaba-\u00e0-La-Mecque-.mp4\">https:\/\/www.lejournalduforkane.com\/wp-content\/uploads\/2017\/02\/Un-Saoudien-a-tent\u00e9-de-simmoler-par-le-feu-pr\u00e8s-de-la-Kaaba-\u00e0-La-Mecque-.mp4<\/a><\/video><\/div>\n","protected":false},"excerpt":{"rendered":"Un t\u00e9moin a affirm\u00e9 que cet homme avait voulu mettre le feu au tissu recouvrant la Sainte Kaaba. Un autre t\u00e9moin Ghazi Darwiche a indiqu\u00e9 avoir vu un individu asperger","protected":false},"author":2,"featured_media":0,"comment_status":"closed","ping_status":"open","sticky":false,"template":"","format":"standard","meta":[],"categories":[],"tags":[],"_links":{"self":[{"href":"https:\/\/www.lejournalduforkane.com\/index.php\/wp-json\/wp\/v2\/posts\/15412"}],"collection":[{"href":"https:\/\/www.lejournalduforkane.com\/index.php\/wp-json\/wp\/v2\/posts"}],"about":[{"href":"https:\/\/www.lejournalduforkane.com\/index.php\/wp-json\/wp\/v2\/types\/post"}],"author":[{"embeddable":true,"href":"https:\/\/www.lejournalduforkane.com\/index.php\/wp-json\/wp\/v2\/users\/2"}],"replies":[{"embeddable":true,"href":"https:\/\/www.lejournalduforkane.com\/index.php\/wp-json\/wp\/v2\/comments?post=15412"}],"version-history":[{"count":1,"href":"https:\/\/www.lejournalduforkane.com\/index.php\/wp-json\/wp\/v2\/posts\/15412\/revisions"}],"predecessor-version":[{"id":15415,"href":"https:\/\/www.lejournalduforkane.com\/index.php\/wp-json\/wp\/v2\/posts\/15412\/revisions\/15415"}],"wp:attachment":[{"href":"https:\/\/www.lejournalduforkane.com\/index.php\/wp-json\/wp\/v2\/media?parent=15412"}],"wp:term":[{"taxonomy":"category","embeddable":true,"href":"https:\/\/www.lejournalduforkane.com\/index.php\/wp-json\/wp\/v2\/categories?post=15412"},{"taxonomy":"post_tag","embeddable":true,"href":"https:\/\/www.lejournalduforkane.com\/index.php\/wp-json\/wp\/v2\/tags?post=15412"}],"curies":[{"name":"wp","href":"https:\/\/api.w.org\/{rel}","templated":true}]}}