
{"id":15457,"date":"2017-02-13T19:50:39","date_gmt":"2017-02-13T19:50:39","guid":{"rendered":"https:\/\/www.lejournalduforkane.com\/?p=15457"},"modified":"2017-02-13T19:51:24","modified_gmt":"2017-02-13T19:51:24","slug":"video-les-nouvelles-barbaries-de-daech-a-palmyre","status":"publish","type":"post","link":"https:\/\/www.lejournalduforkane.com\/index.php\/video-les-nouvelles-barbaries-de-daech-a-palmyre\/","title":{"rendered":"[Vid\u00e9o] | Les nouvelles barbaries de Daech \u00e0 Palmyre"},"content":{"rendered":"<p><!--more--><\/p>\n<p style=\"text-align: justify;\"><span class=\"_5yl5\">La fa\u00e7ade du Th\u00e9\u00e2tre romain, les colonnes de l&rsquo;ancien T\u00e9trapyle\u2026 Petit \u00e0 petit, Palmyre dispara\u00eet sous nos yeux.<\/p>\n<p>C\u2019est que les terroristes salafistes sont contre tous ce qui peut montrer la grandiose civilisation Arabe et Musulmane et veulent d\u00e9truire tous les vestiges du pass\u00e9 en accusant les Musulmans d\u2019idol\u00e2tres. Comme si les Musulmans allaient adorer ces idoles. C\u2019est qu\u2019ils ne r\u00e9fl\u00e9chissent pas, ce sont des idiots. Ils travaillent bel et bien pour l\u2019ennemi sioniste.<\/span><\/p>\n<p><iframe loading=\"lazy\" width=\"500\" height=\"281\" src=\"https:\/\/www.youtube.com\/embed\/w8c72VmH6qY?feature=oembed\" frameborder=\"0\" allowfullscreen><\/iframe><\/p>\n","protected":false},"excerpt":{"rendered":"La fa\u00e7ade du Th\u00e9\u00e2tre romain, les colonnes de l'ancien T\u00e9trapyle\u2026 Petit \u00e0 petit, Palmyre dispara\u00eet sous nos yeux. C\u2019est que les terroristes salafistes sont contre tous ce qui peut montrer","protected":false},"author":2,"featured_media":0,"comment_status":"closed","ping_status":"open","sticky":false,"template":"","format":"standard","meta":[],"categories":[],"tags":[],"_links":{"self":[{"href":"https:\/\/www.lejournalduforkane.com\/index.php\/wp-json\/wp\/v2\/posts\/15457"}],"collection":[{"href":"https:\/\/www.lejournalduforkane.com\/index.php\/wp-json\/wp\/v2\/posts"}],"about":[{"href":"https:\/\/www.lejournalduforkane.com\/index.php\/wp-json\/wp\/v2\/types\/post"}],"author":[{"embeddable":true,"href":"https:\/\/www.lejournalduforkane.com\/index.php\/wp-json\/wp\/v2\/users\/2"}],"replies":[{"embeddable":true,"href":"https:\/\/www.lejournalduforkane.com\/index.php\/wp-json\/wp\/v2\/comments?post=15457"}],"version-history":[{"count":1,"href":"https:\/\/www.lejournalduforkane.com\/index.php\/wp-json\/wp\/v2\/posts\/15457\/revisions"}],"predecessor-version":[{"id":15459,"href":"https:\/\/www.lejournalduforkane.com\/index.php\/wp-json\/wp\/v2\/posts\/15457\/revisions\/15459"}],"wp:attachment":[{"href":"https:\/\/www.lejournalduforkane.com\/index.php\/wp-json\/wp\/v2\/media?parent=15457"}],"wp:term":[{"taxonomy":"category","embeddable":true,"href":"https:\/\/www.lejournalduforkane.com\/index.php\/wp-json\/wp\/v2\/categories?post=15457"},{"taxonomy":"post_tag","embeddable":true,"href":"https:\/\/www.lejournalduforkane.com\/index.php\/wp-json\/wp\/v2\/tags?post=15457"}],"curies":[{"name":"wp","href":"https:\/\/api.w.org\/{rel}","templated":true}]}}