
{"id":15460,"date":"2017-02-13T19:59:45","date_gmt":"2017-02-13T19:59:45","guid":{"rendered":"https:\/\/www.lejournalduforkane.com\/?p=15460"},"modified":"2017-02-13T19:59:45","modified_gmt":"2017-02-13T19:59:45","slug":"video-un-enfant-yemenite-interpelle-le-monde-vous-navez-pas-peur-de-dieu","status":"publish","type":"post","link":"https:\/\/www.lejournalduforkane.com\/index.php\/video-un-enfant-yemenite-interpelle-le-monde-vous-navez-pas-peur-de-dieu\/","title":{"rendered":"[Vid\u00e9o] | Un enfant y\u00e9m\u00e9nite interpelle le monde : \u00ab\u00a0Vous n&rsquo;avez pas peur de Dieu ? \u00ab\u00a0"},"content":{"rendered":"<p><!--more--><\/p>\n<p style=\"text-align: justify;\"><span class=\"_5yl5\">\u00a0NOUS RAPPELONS QUE LE Y\u00c9MEN EST UN PAYS ARABE ET MUSULMAN ATTAQU\u00c9 PAR UNE COALITION ARABE QUI N\u2019A JAMAIS RIEN FAIT CONTRE ISRA\u00cbL, CONTRE L\u2019AM\u00c9RIQUE. BIEN PLUS ILS ATTAQUENT LE Y\u00c9MEN, UN PAYS ET UN PEUPLE CROYANT, QUE LE GRAND PROPH\u00c8TE (P) A B\u00c9NI DANS UN HADITH ALORS QU\u2019IL A MAUDIT LES SAOUDIENS ET LES SALAFISTES VENUS DU NEJD. <\/span><\/p>\n<p style=\"text-align: justify;\"><span class=\"_5yl5\">NOUS RAPPELONS QUE CETTE ATTAQUE ARABE CONTRE LE Y\u00c9MEN EST FUT PR\u00c9DIT PAR LE GRAND PROPH\u00c8TE (P) COMME UN SIGNE DE LA VENUE D\u2019AL-MAHDI ET DE LA CONSTRUCTION DE SON GRAND PROJET LE FORKANE POUR PUNIR CETTE TRAHISON ARABE CONTRE LE Y\u00c9MEN.<\/span><\/p>\n<p><iframe loading=\"lazy\" src=\"https:\/\/www.youtube.com\/embed\/X6FACWeoDDA\" width=\"560\" height=\"315\" frameborder=\"0\" allowfullscreen=\"allowfullscreen\"><\/iframe><\/p>\n","protected":false},"excerpt":{"rendered":"\u00a0NOUS RAPPELONS QUE LE Y\u00c9MEN EST UN PAYS ARABE ET MUSULMAN ATTAQU\u00c9 PAR UNE COALITION ARABE QUI N\u2019A JAMAIS RIEN FAIT CONTRE ISRA\u00cbL, CONTRE L\u2019AM\u00c9RIQUE. BIEN PLUS ILS ATTAQUENT LE","protected":false},"author":2,"featured_media":0,"comment_status":"closed","ping_status":"open","sticky":false,"template":"","format":"standard","meta":[],"categories":[],"tags":[],"_links":{"self":[{"href":"https:\/\/www.lejournalduforkane.com\/index.php\/wp-json\/wp\/v2\/posts\/15460"}],"collection":[{"href":"https:\/\/www.lejournalduforkane.com\/index.php\/wp-json\/wp\/v2\/posts"}],"about":[{"href":"https:\/\/www.lejournalduforkane.com\/index.php\/wp-json\/wp\/v2\/types\/post"}],"author":[{"embeddable":true,"href":"https:\/\/www.lejournalduforkane.com\/index.php\/wp-json\/wp\/v2\/users\/2"}],"replies":[{"embeddable":true,"href":"https:\/\/www.lejournalduforkane.com\/index.php\/wp-json\/wp\/v2\/comments?post=15460"}],"version-history":[{"count":1,"href":"https:\/\/www.lejournalduforkane.com\/index.php\/wp-json\/wp\/v2\/posts\/15460\/revisions"}],"predecessor-version":[{"id":15462,"href":"https:\/\/www.lejournalduforkane.com\/index.php\/wp-json\/wp\/v2\/posts\/15460\/revisions\/15462"}],"wp:attachment":[{"href":"https:\/\/www.lejournalduforkane.com\/index.php\/wp-json\/wp\/v2\/media?parent=15460"}],"wp:term":[{"taxonomy":"category","embeddable":true,"href":"https:\/\/www.lejournalduforkane.com\/index.php\/wp-json\/wp\/v2\/categories?post=15460"},{"taxonomy":"post_tag","embeddable":true,"href":"https:\/\/www.lejournalduforkane.com\/index.php\/wp-json\/wp\/v2\/tags?post=15460"}],"curies":[{"name":"wp","href":"https:\/\/api.w.org\/{rel}","templated":true}]}}