
{"id":15464,"date":"2017-02-14T19:51:42","date_gmt":"2017-02-14T19:51:42","guid":{"rendered":"https:\/\/www.lejournalduforkane.com\/?p=15464"},"modified":"2017-02-14T19:51:42","modified_gmt":"2017-02-14T19:51:42","slug":"video-13-chefs-de-daesh-liquides-par-laviation-irakienne-pendant-quun-convoi-de-baghdadi-a-ete-pris-pour-cible-a-al-anbar","status":"publish","type":"post","link":"https:\/\/www.lejournalduforkane.com\/index.php\/video-13-chefs-de-daesh-liquides-par-laviation-irakienne-pendant-quun-convoi-de-baghdadi-a-ete-pris-pour-cible-a-al-anbar\/","title":{"rendered":"[vid\u00e9o] | 13 chefs de Daesh liquid\u00e9s par l&rsquo;aviation irakienne pendant qu&rsquo;un convoi de Baghdadi a \u00e9t\u00e9 pris pour cible \u00e0 Al-Anbar."},"content":{"rendered":"<p><!--more--><br \/>\n<iframe loading=\"lazy\" src=\"https:\/\/www.youtube.com\/embed\/z_aqSzFZguY\" width=\"560\" height=\"315\" frameborder=\"0\" allowfullscreen=\"allowfullscreen\"><\/iframe><\/p>\n","protected":false},"excerpt":{"rendered":"","protected":false},"author":2,"featured_media":0,"comment_status":"closed","ping_status":"open","sticky":false,"template":"","format":"standard","meta":[],"categories":[],"tags":[],"_links":{"self":[{"href":"https:\/\/www.lejournalduforkane.com\/index.php\/wp-json\/wp\/v2\/posts\/15464"}],"collection":[{"href":"https:\/\/www.lejournalduforkane.com\/index.php\/wp-json\/wp\/v2\/posts"}],"about":[{"href":"https:\/\/www.lejournalduforkane.com\/index.php\/wp-json\/wp\/v2\/types\/post"}],"author":[{"embeddable":true,"href":"https:\/\/www.lejournalduforkane.com\/index.php\/wp-json\/wp\/v2\/users\/2"}],"replies":[{"embeddable":true,"href":"https:\/\/www.lejournalduforkane.com\/index.php\/wp-json\/wp\/v2\/comments?post=15464"}],"version-history":[{"count":1,"href":"https:\/\/www.lejournalduforkane.com\/index.php\/wp-json\/wp\/v2\/posts\/15464\/revisions"}],"predecessor-version":[{"id":15468,"href":"https:\/\/www.lejournalduforkane.com\/index.php\/wp-json\/wp\/v2\/posts\/15464\/revisions\/15468"}],"wp:attachment":[{"href":"https:\/\/www.lejournalduforkane.com\/index.php\/wp-json\/wp\/v2\/media?parent=15464"}],"wp:term":[{"taxonomy":"category","embeddable":true,"href":"https:\/\/www.lejournalduforkane.com\/index.php\/wp-json\/wp\/v2\/categories?post=15464"},{"taxonomy":"post_tag","embeddable":true,"href":"https:\/\/www.lejournalduforkane.com\/index.php\/wp-json\/wp\/v2\/tags?post=15464"}],"curies":[{"name":"wp","href":"https:\/\/api.w.org\/{rel}","templated":true}]}}