
{"id":15479,"date":"2017-02-15T19:58:56","date_gmt":"2017-02-15T19:58:56","guid":{"rendered":"https:\/\/www.lejournalduforkane.com\/?p=15479"},"modified":"2017-02-15T19:58:56","modified_gmt":"2017-02-15T19:58:56","slug":"video-le-vrai-visage-de-daech","status":"publish","type":"post","link":"https:\/\/www.lejournalduforkane.com\/index.php\/video-le-vrai-visage-de-daech\/","title":{"rendered":"[Vid\u00e9o] | Le vrai visage de Daech"},"content":{"rendered":"<p><!--more--><\/p>\n<p><span class=\"_5yl5\">Le complot de DAESH cr\u00e9\u00e9 par l\u2019occident, Isra\u00ebl et des pays arabo-musulmans de la r\u00e9gion, \u00e0 savoir l\u2019Arabie, les p\u00e9tromonarchies et la Turquie, vise \u00e0 diviser la communaut\u00e9 islamique.<br \/>\nIls veulent d\u00e9truire l\u2019Islam en cr\u00e9ant une guerre sectaire entre Sunnites et Chiites.<\/span><\/p>\n<p>Par cons\u00e9quent chaque Musulman quel qu\u2019il soit doit rejeter et d\u00e9noncer toutes ces personnes et ces groupes qui poussent \u00e0 cette confrontation fratricide et fatale pour nous tous.<\/p>\n<p>Ils commettent des atrocit\u00e9s qui d\u00e9passe l\u2019entendement : d\u00e9capitation et la profanation de cadavres (en revivifiant par exemple des pratiques de l\u2019idol\u00e2tre mecquoise nomm\u00e9e Hind qui avait mang\u00e9 le foie du cadavre de Hamza l\u2019oncle du grand Proph\u00e8te (P)). Le vol, les viols collectifs et les meurtres de masses font partie de leur pratiques de guerre toutes interdites en Islam.<\/p>\n<p>Tous ces crimes sont faits de fa\u00e7on ostentatoire pour cr\u00e9er la terreur et la haine vis \u00e0 vis du Musulman et justifier toutes les attaques contre eux.<br \/>\n<iframe loading=\"lazy\" src=\"https:\/\/www.youtube.com\/embed\/ytw4HO4khj0\" width=\"560\" height=\"315\" frameborder=\"0\" allowfullscreen=\"allowfullscreen\"><\/iframe><\/p>\n","protected":false},"excerpt":{"rendered":"Le complot de DAESH cr\u00e9\u00e9 par l\u2019occident, Isra\u00ebl et des pays arabo-musulmans de la r\u00e9gion, \u00e0 savoir l\u2019Arabie, les p\u00e9tromonarchies et la Turquie, vise \u00e0 diviser la communaut\u00e9 islamique. Ils","protected":false},"author":2,"featured_media":0,"comment_status":"closed","ping_status":"open","sticky":false,"template":"","format":"standard","meta":[],"categories":[],"tags":[],"_links":{"self":[{"href":"https:\/\/www.lejournalduforkane.com\/index.php\/wp-json\/wp\/v2\/posts\/15479"}],"collection":[{"href":"https:\/\/www.lejournalduforkane.com\/index.php\/wp-json\/wp\/v2\/posts"}],"about":[{"href":"https:\/\/www.lejournalduforkane.com\/index.php\/wp-json\/wp\/v2\/types\/post"}],"author":[{"embeddable":true,"href":"https:\/\/www.lejournalduforkane.com\/index.php\/wp-json\/wp\/v2\/users\/2"}],"replies":[{"embeddable":true,"href":"https:\/\/www.lejournalduforkane.com\/index.php\/wp-json\/wp\/v2\/comments?post=15479"}],"version-history":[{"count":1,"href":"https:\/\/www.lejournalduforkane.com\/index.php\/wp-json\/wp\/v2\/posts\/15479\/revisions"}],"predecessor-version":[{"id":15481,"href":"https:\/\/www.lejournalduforkane.com\/index.php\/wp-json\/wp\/v2\/posts\/15479\/revisions\/15481"}],"wp:attachment":[{"href":"https:\/\/www.lejournalduforkane.com\/index.php\/wp-json\/wp\/v2\/media?parent=15479"}],"wp:term":[{"taxonomy":"category","embeddable":true,"href":"https:\/\/www.lejournalduforkane.com\/index.php\/wp-json\/wp\/v2\/categories?post=15479"},{"taxonomy":"post_tag","embeddable":true,"href":"https:\/\/www.lejournalduforkane.com\/index.php\/wp-json\/wp\/v2\/tags?post=15479"}],"curies":[{"name":"wp","href":"https:\/\/api.w.org\/{rel}","templated":true}]}}