
{"id":15499,"date":"2017-02-17T15:59:55","date_gmt":"2017-02-17T15:59:55","guid":{"rendered":"https:\/\/www.lejournalduforkane.com\/?p=15499"},"modified":"2017-02-17T19:09:26","modified_gmt":"2017-02-17T19:09:26","slug":"48-morts-et-plus-de-80-blesses-dans-un-attentat-a-bagdad","status":"publish","type":"post","link":"https:\/\/www.lejournalduforkane.com\/index.php\/48-morts-et-plus-de-80-blesses-dans-un-attentat-a-bagdad\/","title":{"rendered":"48 morts et plus de 80 bless\u00e9s dans un attentat \u00e0 Bagdad"},"content":{"rendered":"<p style=\"text-align: justify;\"><!--more--><\/p>\n<p style=\"text-align: justify;\">Un attentat suicide a \u00e9t\u00e9 perp\u00e9tr\u00e9 hier dans le quartier de Bayaa, dans le sud de la capitale irakienne Bagdad. Cet attentat a \u00e9t\u00e9 revendiqu\u00e9 par le groupe salafiste wahhabite de Daesh.<\/p>\n<p style=\"text-align: justify;\">Une fois encore, ces salafistes wahhabites ont montr\u00e9 qu\u2019ils n\u2019\u00e9taient pas de musulmans, mais des ennemis de l\u2019Islam.<\/p>\n<div class=\"text_exposed_show\">\n<p style=\"text-align: justify;\">Malheur aux ignorant ! Mort aux salafistes !<\/p>\n<p style=\"text-align: justify;\">\n<\/div>\n<p><iframe loading=\"lazy\" src=\"https:\/\/www.youtube.com\/embed\/Qg9C07VLhGA\" width=\"560\" height=\"315\" frameborder=\"0\" allowfullscreen=\"allowfullscreen\"><\/iframe><\/p>\n","protected":false},"excerpt":{"rendered":"Un attentat suicide a \u00e9t\u00e9 perp\u00e9tr\u00e9 hier dans le quartier de Bayaa, dans le sud de la capitale irakienne Bagdad. Cet attentat a \u00e9t\u00e9 revendiqu\u00e9 par le groupe salafiste wahhabite","protected":false},"author":2,"featured_media":0,"comment_status":"closed","ping_status":"open","sticky":false,"template":"","format":"standard","meta":[],"categories":[],"tags":[],"_links":{"self":[{"href":"https:\/\/www.lejournalduforkane.com\/index.php\/wp-json\/wp\/v2\/posts\/15499"}],"collection":[{"href":"https:\/\/www.lejournalduforkane.com\/index.php\/wp-json\/wp\/v2\/posts"}],"about":[{"href":"https:\/\/www.lejournalduforkane.com\/index.php\/wp-json\/wp\/v2\/types\/post"}],"author":[{"embeddable":true,"href":"https:\/\/www.lejournalduforkane.com\/index.php\/wp-json\/wp\/v2\/users\/2"}],"replies":[{"embeddable":true,"href":"https:\/\/www.lejournalduforkane.com\/index.php\/wp-json\/wp\/v2\/comments?post=15499"}],"version-history":[{"count":2,"href":"https:\/\/www.lejournalduforkane.com\/index.php\/wp-json\/wp\/v2\/posts\/15499\/revisions"}],"predecessor-version":[{"id":15521,"href":"https:\/\/www.lejournalduforkane.com\/index.php\/wp-json\/wp\/v2\/posts\/15499\/revisions\/15521"}],"wp:attachment":[{"href":"https:\/\/www.lejournalduforkane.com\/index.php\/wp-json\/wp\/v2\/media?parent=15499"}],"wp:term":[{"taxonomy":"category","embeddable":true,"href":"https:\/\/www.lejournalduforkane.com\/index.php\/wp-json\/wp\/v2\/categories?post=15499"},{"taxonomy":"post_tag","embeddable":true,"href":"https:\/\/www.lejournalduforkane.com\/index.php\/wp-json\/wp\/v2\/tags?post=15499"}],"curies":[{"name":"wp","href":"https:\/\/api.w.org\/{rel}","templated":true}]}}