
{"id":15534,"date":"2017-02-18T15:50:33","date_gmt":"2017-02-18T15:50:33","guid":{"rendered":"https:\/\/www.lejournalduforkane.com\/?p=15534"},"modified":"2017-02-18T15:50:33","modified_gmt":"2017-02-18T15:50:33","slug":"manifestation-monstre-dans-la-capitale-yemenite-sanaa-contre-lagression-arabo-sioniste","status":"publish","type":"post","link":"https:\/\/www.lejournalduforkane.com\/index.php\/manifestation-monstre-dans-la-capitale-yemenite-sanaa-contre-lagression-arabo-sioniste\/","title":{"rendered":"Manifestation monstre dans la capitale y\u00e9m\u00e9nite Sana\u2019a contre l\u2019agression Arabo-sioniste"},"content":{"rendered":"<p>Manifestation monstre dans la capitale y\u00e9m\u00e9nite Sana\u2019a contre l\u2019agression Arabo-sioniste avec comme slogan \u00ab\u00a0loyaut\u00e9 envers le sang des martyrs\u00bb dans la capitale<\/p>\n<p>Des dizaines de milliers de Y\u00e9m\u00e9nites ont particip\u00e9 hier vendredi 17 f\u00e9vrier dans la capitale y\u00e9m\u00e9nite Sana\u2019a contre les bombardements Arabo-sioniste. Les participants au rassemblement ont d\u00e9nonc\u00e9 les massacres continus contre les civils et plus r\u00e9cemment le massacre qui a eu lieu \u00e0 Arhab ( qui co\u00fbt\u00e9 la vie \u00e0 des dizaines de femmes).<\/p>\n<p>ON NE PEUT QU\u2019\u00caTRE ADMIRATIF DEVANT CE PEUPLE COURAGEUX QUI BRAVE LES BOMBARDEMENTS DES SIONISTES ARABES. C\u2019EST L\u00c0 QUE L\u2019ON COMPREND POURQUOI LE Y\u00c9MEN EST B\u00c9NI PAR LE GRAND PROPH\u00c8TE (P), ET POURQUOI IL A MAUDIT LES SAOUDS ET LES CHIENS DE L\u2019ENFER SALAFISTE.<\/p>\n<p>&nbsp;<\/p>\n<p>&nbsp;<br \/>\n<iframe loading=\"lazy\" src=\"https:\/\/www.youtube.com\/embed\/vkmPMiEokhA\" width=\"560\" height=\"315\" frameborder=\"0\" allowfullscreen=\"allowfullscreen\"><\/iframe><\/p>\n","protected":false},"excerpt":{"rendered":"<p>Manifestation monstre dans la capitale y\u00e9m\u00e9nite Sana\u2019a contre l\u2019agression Arabo-sioniste avec comme slogan \u00ab\u00a0loyaut\u00e9 envers le sang des martyrs\u00bb dans la capitale Des dizaines de milliers de Y\u00e9m\u00e9nites ont particip\u00e9<\/p>\n","protected":false},"author":2,"featured_media":0,"comment_status":"closed","ping_status":"open","sticky":false,"template":"","format":"standard","meta":[],"categories":[],"tags":[],"_links":{"self":[{"href":"https:\/\/www.lejournalduforkane.com\/index.php\/wp-json\/wp\/v2\/posts\/15534"}],"collection":[{"href":"https:\/\/www.lejournalduforkane.com\/index.php\/wp-json\/wp\/v2\/posts"}],"about":[{"href":"https:\/\/www.lejournalduforkane.com\/index.php\/wp-json\/wp\/v2\/types\/post"}],"author":[{"embeddable":true,"href":"https:\/\/www.lejournalduforkane.com\/index.php\/wp-json\/wp\/v2\/users\/2"}],"replies":[{"embeddable":true,"href":"https:\/\/www.lejournalduforkane.com\/index.php\/wp-json\/wp\/v2\/comments?post=15534"}],"version-history":[{"count":1,"href":"https:\/\/www.lejournalduforkane.com\/index.php\/wp-json\/wp\/v2\/posts\/15534\/revisions"}],"predecessor-version":[{"id":15536,"href":"https:\/\/www.lejournalduforkane.com\/index.php\/wp-json\/wp\/v2\/posts\/15534\/revisions\/15536"}],"wp:attachment":[{"href":"https:\/\/www.lejournalduforkane.com\/index.php\/wp-json\/wp\/v2\/media?parent=15534"}],"wp:term":[{"taxonomy":"category","embeddable":true,"href":"https:\/\/www.lejournalduforkane.com\/index.php\/wp-json\/wp\/v2\/categories?post=15534"},{"taxonomy":"post_tag","embeddable":true,"href":"https:\/\/www.lejournalduforkane.com\/index.php\/wp-json\/wp\/v2\/tags?post=15534"}],"curies":[{"name":"wp","href":"https:\/\/api.w.org\/{rel}","templated":true}]}}