
{"id":15540,"date":"2017-02-18T15:56:54","date_gmt":"2017-02-18T15:56:54","guid":{"rendered":"https:\/\/www.lejournalduforkane.com\/?p=15540"},"modified":"2017-02-18T15:56:54","modified_gmt":"2017-02-18T15:56:54","slug":"ce-monstre-de-daesh-reconnait-viole-200-femmes-yezidis-en-irak","status":"publish","type":"post","link":"https:\/\/www.lejournalduforkane.com\/index.php\/ce-monstre-de-daesh-reconnait-viole-200-femmes-yezidis-en-irak\/","title":{"rendered":"Ce monstre de Daesh reconnait viol\u00e9 200 femmes y\u00e9zidis en Irak"},"content":{"rendered":"<p>Ammar Hussein, terroriste maudit de Daesh radical (d\u00e9tenu par les autorit\u00e9s kurdes) a avou\u00e9 avoir viol\u00e9 plus de 200 femmes y\u00e9zidis !!!.<br \/>\nCe monstre souligne qu&rsquo;il n&rsquo;a aucun regret sur ces crimes !<\/p>\n<div class=\"text_exposed_show\">\n<p>Ces monstres commettent des atrocit\u00e9s qui d\u00e9passe l\u2019entendement : d\u00e9capitation, profanation de cadavres (en revivifiant par exemple des pratiques de l\u2019idol\u00e2tre mecquoise nomm\u00e9e Hind qui avait mang\u00e9 le foie du cadavre de Hamza l\u2019oncle du grand Proph\u00e8te (P)). Le vol, les viols collectifs et les meurtres de masses font partie de leur pratiques de guerre toutes interdites en Islam.<\/p>\n<p>&nbsp;<\/p>\n<\/div>\n<p><iframe loading=\"lazy\" src=\"https:\/\/www.youtube.com\/embed\/Z-kG_H8LsOA\" width=\"560\" height=\"315\" frameborder=\"0\" allowfullscreen=\"allowfullscreen\"><\/iframe><\/p>\n","protected":false},"excerpt":{"rendered":"<p>Ammar Hussein, terroriste maudit de Daesh radical (d\u00e9tenu par les autorit\u00e9s kurdes) a avou\u00e9 avoir viol\u00e9 plus de 200 femmes y\u00e9zidis !!!. Ce monstre souligne qu&rsquo;il n&rsquo;a aucun regret sur<\/p>\n","protected":false},"author":2,"featured_media":0,"comment_status":"closed","ping_status":"open","sticky":false,"template":"","format":"standard","meta":[],"categories":[],"tags":[],"_links":{"self":[{"href":"https:\/\/www.lejournalduforkane.com\/index.php\/wp-json\/wp\/v2\/posts\/15540"}],"collection":[{"href":"https:\/\/www.lejournalduforkane.com\/index.php\/wp-json\/wp\/v2\/posts"}],"about":[{"href":"https:\/\/www.lejournalduforkane.com\/index.php\/wp-json\/wp\/v2\/types\/post"}],"author":[{"embeddable":true,"href":"https:\/\/www.lejournalduforkane.com\/index.php\/wp-json\/wp\/v2\/users\/2"}],"replies":[{"embeddable":true,"href":"https:\/\/www.lejournalduforkane.com\/index.php\/wp-json\/wp\/v2\/comments?post=15540"}],"version-history":[{"count":1,"href":"https:\/\/www.lejournalduforkane.com\/index.php\/wp-json\/wp\/v2\/posts\/15540\/revisions"}],"predecessor-version":[{"id":15542,"href":"https:\/\/www.lejournalduforkane.com\/index.php\/wp-json\/wp\/v2\/posts\/15540\/revisions\/15542"}],"wp:attachment":[{"href":"https:\/\/www.lejournalduforkane.com\/index.php\/wp-json\/wp\/v2\/media?parent=15540"}],"wp:term":[{"taxonomy":"category","embeddable":true,"href":"https:\/\/www.lejournalduforkane.com\/index.php\/wp-json\/wp\/v2\/categories?post=15540"},{"taxonomy":"post_tag","embeddable":true,"href":"https:\/\/www.lejournalduforkane.com\/index.php\/wp-json\/wp\/v2\/tags?post=15540"}],"curies":[{"name":"wp","href":"https:\/\/api.w.org\/{rel}","templated":true}]}}